{"id":157362,"date":"2018-01-31T22:30:49","date_gmt":"2018-02-01T01:30:49","guid":{"rendered":"http:\/\/notinor.com\/jujuy\/?p=157362"},"modified":"2018-01-31T14:56:10","modified_gmt":"2018-01-31T17:56:10","slug":"apple-lanzaria-tres-modelos-de-mac-con-super-chips-personalizados","status":"publish","type":"post","link":"https:\/\/notinor.com\/jujuy\/apple-lanzaria-tres-modelos-de-mac-con-super-chips-personalizados\/","title":{"rendered":"Apple lanzar\u00eda tres modelos de Mac con \u201cs\u00faper chips\u201d personalizados"},"content":{"rendered":"<p><img decoding=\"async\" src=\"https:\/\/www.infobae.com\/new-resizer\/jbeWCQ-aJnvpWD14z2zGKfVdUy4=\/600x0\/filters:quality(100)\/s3.amazonaws.com\/arc-wordpress-client-uploads\/infobae-wp\/wp-content\/uploads\/2016\/10\/20094237\/iStock_84781667_LARGE.jpg\" alt=\"(IStock)\" \/><\/p>\n<p>&nbsp;<\/p>\n<p>Apple lanzar\u00eda este a\u00f1o al menos tres Mac con coprocesadores propios que se destacar\u00edan por su potencia. Hasta ahora, s\u00f3lo dos modelos integran chips personalizados: la MacBook Pro con Touch Bar (T1) y la iMac Pro (T2).<\/p>\n<div>\n<div>\n<p>El gigante de Cupertino viene apostando hace a\u00f1os a dejar su sello en lo que podr\u00eda considerarse el coraz\u00f3n de los equipos. Estos chips est\u00e1n presentes en los iPhones, Apple Watches, iPad y algunas computadoras, como las mencionadas anteriormente y las que se lanzar\u00e1n este a\u00f1o.<\/p>\n<\/div>\n<\/div>\n<div>\n<div>\n<p>El primer procesador dise\u00f1ado por la compa\u00f1\u00eda, el A4, lleg\u00f3 en 2010, de la mano del iPad. Fue el comienzo de un recorrido que se viene profundizando. La compa\u00f1\u00eda siempre busca destacar la eficiencia de sus equipos y su toque personal.<\/p>\n<\/div>\n<\/div>\n<div>\n<div>\n<p>El A11, por ejemplo, se destaca por desarrollar tareas de inteligencia artificial, tener un procesador gr\u00e1fico potente (Apple a\u00f1adi\u00f3 una GPU propia) y permitir el funcionamiento del Face ID.<\/p>\n<div>\n<div>\n<p>No es la \u00fanica compa\u00f1\u00eda que apuesta a mejorar la performance de sus gadgets introduciendo mejoras en los chips. A comienzo de a\u00f1o, Samsung present\u00f3 su Exynos 9810, en cual la inteligencia artificial tiene un rol protag\u00f3nico.<\/p>\n<\/div>\n<\/div>\n<div>\n<div>\n<p>Huawei, por su parte, dio a conocer en septiembre de 2017 su Kirin 970, que integra una unidad de procesamiento neural y promete mayor eficacia en el uso de los recursos.<\/p>\n<\/div>\n<\/div>\n<div>\n<div>\n<p>Qualcomm no se queda atr\u00e1s con el Snapdragon 845 (m\u00e1s potente que su antecesor)\u00a0que optimiza el nivel de conectividad y busca potenciar los procesos vinculados a la inteligencia artificial.<\/p>\n<\/div>\n<\/div>\n<div>\n<div>\n<p>La verdadera batalla en el mercado de la tecnolog\u00eda ocurre detr\u00e1s de bambalinas, en los procesadores. Apple vende m\u00e1s de 300 millones de dispositivos al a\u00f1o y siente que se destaca en el dise\u00f1o de sus chips, por eso ahora sigue buscando crecer en este sentido y los sumar\u00e1 en, al menos, tres nuevas Mac: dos port\u00e1tiles y una de escritorio, seg\u00fan public\u00f3 Bloomberg.<\/p>\n<\/div>\n<\/div>\n<div>\n<div>\n<p>El pr\u00f3ximo paso ser\u00e1, eventualmente, dise\u00f1ar la totalidad de la CPU en todas sus computadoras, en cuyo caso Intel perder\u00eda uno de sus clientes m\u00e1s importantes.<\/p>\n<\/div>\n<\/div>\n<div>\n<div>\n<p>Luego del incidente de Meltdown y Spectre,\u00a0probablemente el gigante de Cupertino se sienta m\u00e1s motivado que nunca para llevar adelante esta medida.<\/p>\n<\/div>\n<\/div>\n<\/div>\n<\/div>\n","protected":false},"excerpt":{"rendered":"<p>&nbsp; Apple lanzar\u00eda este a\u00f1o al menos tres Mac con coprocesadores propios que se destacar\u00edan por su potencia. Hasta ahora, s\u00f3lo dos modelos integran chips personalizados: la MacBook Pro con Touch Bar (T1) y la iMac Pro (T2). El gigante de Cupertino viene apostando hace a\u00f1os a dejar su sello en lo que podr\u00eda considerarse [&hellip;]<\/p>\n","protected":false},"author":1,"featured_media":157363,"comment_status":"open","ping_status":"open","sticky":false,"template":"","format":"standard","meta":{"_stopmodifiedupdate":false,"_modified_date":"","inline_featured_image":false},"categories":[16],"tags":[],"jetpack_featured_media_url":"https:\/\/notinor.com\/jujuy\/wp-content\/uploads\/2018\/01\/APPLE.png","_links":{"self":[{"href":"https:\/\/notinor.com\/jujuy\/wp-json\/wp\/v2\/posts\/157362"}],"collection":[{"href":"https:\/\/notinor.com\/jujuy\/wp-json\/wp\/v2\/posts"}],"about":[{"href":"https:\/\/notinor.com\/jujuy\/wp-json\/wp\/v2\/types\/post"}],"author":[{"embeddable":true,"href":"https:\/\/notinor.com\/jujuy\/wp-json\/wp\/v2\/users\/1"}],"replies":[{"embeddable":true,"href":"https:\/\/notinor.com\/jujuy\/wp-json\/wp\/v2\/comments?post=157362"}],"version-history":[{"count":1,"href":"https:\/\/notinor.com\/jujuy\/wp-json\/wp\/v2\/posts\/157362\/revisions"}],"predecessor-version":[{"id":157364,"href":"https:\/\/notinor.com\/jujuy\/wp-json\/wp\/v2\/posts\/157362\/revisions\/157364"}],"wp:featuredmedia":[{"embeddable":true,"href":"https:\/\/notinor.com\/jujuy\/wp-json\/wp\/v2\/media\/157363"}],"wp:attachment":[{"href":"https:\/\/notinor.com\/jujuy\/wp-json\/wp\/v2\/media?parent=157362"}],"wp:term":[{"taxonomy":"category","embeddable":true,"href":"https:\/\/notinor.com\/jujuy\/wp-json\/wp\/v2\/categories?post=157362"},{"taxonomy":"post_tag","embeddable":true,"href":"https:\/\/notinor.com\/jujuy\/wp-json\/wp\/v2\/tags?post=157362"}],"curies":[{"name":"wp","href":"https:\/\/api.w.org\/{rel}","templated":true}]}}