{"id":157359,"date":"2018-01-31T18:00:58","date_gmt":"2018-01-31T21:00:58","guid":{"rendered":"http:\/\/notinor.com\/jujuy\/?p=157359"},"modified":"2018-01-31T14:50:46","modified_gmt":"2018-01-31T17:50:46","slug":"crean-un-sistema-para-formalizar-el-mercado-de-carne-porcina","status":"publish","type":"post","link":"https:\/\/notinor.com\/jujuy\/crean-un-sistema-para-formalizar-el-mercado-de-carne-porcina\/","title":{"rendered":"Crean un sistema para formalizar el mercado de carne porcina"},"content":{"rendered":"<p><img decoding=\"async\" src=\"https:\/\/www.infobae.com\/new-resizer\/CwoO50FIl10NwQxa5NY1tcTHUWQ=\/600x0\/filters:quality(100)\/s3.amazonaws.com\/arc-wordpress-client-uploads\/infobae-wp\/wp-content\/uploads\/2018\/01\/31111236\/Crean-un-sistema-para-formalizar-el-mercado-de-carne-porcina-DAY-4.jpg\" alt=\"Seg\u00fan datos oficiales, durante 2017 hubo r\u00e9cord en la producci\u00f3n porcina (Getty)\" \/><\/p>\n<p>&nbsp;<\/p>\n<p>En una resoluci\u00f3n conjunta publicada en el Bolet\u00edn Oficial, la Administraci\u00f3n Federal de Ingresos P\u00fablicos (AFIP) y el ministerio de Agroindustria de la Naci\u00f3n (MINAGRO), crearon un\u00a0nuevo sistema para formalizar el mercado de carne porcina.\u00a0Es un sistema muy similar al que se implement\u00f3 para la carne bovina y que hasta el momento ha obtenido importantes resultados en materia de formalizaci\u00f3n de la actividad.<\/p>\n<div>\n<div>\n<p>Hasta la fecha\u00a0la cantidad de operadores de carnes bovinas se increment\u00f3 de 31.000 a 67.000, es decir un crecimiento de m\u00e1s de 100% en el n\u00famero de operadores,\u00a0de los cuales casi la totalidad cumpli\u00f3 con el requisito de pago a cuenta, mientras que\u00a0las ventas declaradas seg\u00fan IVA aumentaron en un 60% desde marzo de 2017.<\/p>\n<\/div>\n<\/div>\n<div>\n<div>\n<p>El nuevo esquema de control de evasi\u00f3n establece<\/p>\n<\/div>\n<\/div>\n<div>\n<div>\n<p>-La\u00a0realizaci\u00f3n de un pago a cuenta de IVA por cada cabeza a faenar, como requisito fundamental para poder obtener la autorizaci\u00f3n para la faena de animales.<\/p>\n<\/div>\n<\/div>\n<div>\n<div id=\"\">\n<div>-Diferenciaci\u00f3n de tratamiento fiscal, seg\u00fan su comportamiento fiscal y comercial.<\/div>\n<\/div>\n<\/div>\n<div>\n<div>\n<p>-La\u00a0utilizaci\u00f3n obligatoria de liquidaciones electr\u00f3nicas para documentar la compra-venta\u00a0de hacienda y la venta de carne en consignaci\u00f3n.<\/p>\n<\/div>\n<\/div>\n<div>\n<div>\n<p>-Los\u00a0cruces de informaci\u00f3n y controles sist\u00e9micos conjuntos entre AFIP, MINAGRO, SENASA y ARBA.<\/p>\n<\/div>\n<\/div>\n<div>\n<div>\n<p>Seg\u00fan informaron desde la AFIP, \"el empadronamiento podr\u00e1 realizarse a partir del 1 de marzo, mientras que los pagos a cuenta, percepciones y retenciones operar\u00e1n desde junio de 2018. Es importante destacar que\u00a0el registro y los posteriores controles de la actividad se realizar\u00e1n exclusivamente v\u00eda web\".<\/p>\n<p>&nbsp;<\/p>\n<p><img decoding=\"async\" src=\"https:\/\/www.infobae.com\/new-resizer\/hbgdsHd6rgUGHN5dmzSOrnkvI4o=\/600x0\/filters:quality(100)\/s3.amazonaws.com\/arc-wordpress-client-uploads\/infobae-wp\/wp-content\/uploads\/2018\/01\/31111221\/Crean-un-sistema-para-formalizar-el-mercado-de-carne-porcina-DAY-3.jpg\" alt=\"La AFIP y el MINAGRO profundizar\u00e1n los controles para la cadena porcina (Getty)\" \/><\/p>\n<p>&nbsp;<\/p>\n<div>\n<div>\n<p>R\u00e9cord en producci\u00f3n porcina<\/p>\n<\/div>\n<\/div>\n<div>\n<div>\n<p>De acuerdo a los datos publicados por el Ministerio de Agroindustria de la Naci\u00f3n durante el 2017 y por primera vez,\u00a0la producci\u00f3n porcina del pa\u00eds super\u00f3 los seis millones de cabezas faenadas, alcanzando una producci\u00f3n de 566.084 toneladas res con hueso, representando un aumento interanual del 8,4 %.<\/p>\n<\/div>\n<\/div>\n<div>\n<div>\n<p>El consumo por habitante super\u00f3 los 14 kilos, lo que significa un crecimiento interanual del 9,1%. En lo que respecta al mercado internacional,\u00a0las carnes y subproductos porcinos tambi\u00e9n experimentaron un incremento que alcanz\u00f3 al 56,3%\u00a0(3.596 toneladas de res con hueso).<\/p>\n<\/div>\n<\/div>\n<div>\n<div>\n<blockquote><p>\u00a0Por \u00faltimo, el precio promedio pagado al productor por el cap\u00f3n en pie en el 2017, result\u00f3 un 22,65% m\u00e1s alto que el precio promedio del a\u00f1o anterior.<\/p><\/blockquote>\n<\/div>\n<\/div>\n<div>\n<div>\n<p>En los \u00faltimos 5 a\u00f1os la faena porcina creci\u00f3 un 68%\u00a0pasando de 3,818 millones de cabezas a 6,422 millones; la producci\u00f3n en toneladas res con hueso aument\u00f3 un 70% y el consumo lo hizo en un 64%, al ir\u00a0de 8,5 kg\/habitante\/a\u00f1o (2012) a superar los 14 kg\/habitante\/a\u00f1o (2017).<\/p>\n<\/div>\n<\/div>\n<\/div>\n<\/div>\n","protected":false},"excerpt":{"rendered":"<p>&nbsp; En una resoluci\u00f3n conjunta publicada en el Bolet\u00edn Oficial, la Administraci\u00f3n Federal de Ingresos P\u00fablicos (AFIP) y el ministerio de Agroindustria de la Naci\u00f3n (MINAGRO), crearon un\u00a0nuevo sistema para formalizar el mercado de carne porcina.\u00a0Es un sistema muy similar al que se implement\u00f3 para la carne bovina y que hasta el momento ha obtenido [&hellip;]<\/p>\n","protected":false},"author":1,"featured_media":157360,"comment_status":"open","ping_status":"open","sticky":false,"template":"","format":"standard","meta":{"_stopmodifiedupdate":false,"_modified_date":"","inline_featured_image":false},"categories":[13],"tags":[],"jetpack_featured_media_url":"https:\/\/notinor.com\/jujuy\/wp-content\/uploads\/2018\/01\/porcino.png","_links":{"self":[{"href":"https:\/\/notinor.com\/jujuy\/wp-json\/wp\/v2\/posts\/157359"}],"collection":[{"href":"https:\/\/notinor.com\/jujuy\/wp-json\/wp\/v2\/posts"}],"about":[{"href":"https:\/\/notinor.com\/jujuy\/wp-json\/wp\/v2\/types\/post"}],"author":[{"embeddable":true,"href":"https:\/\/notinor.com\/jujuy\/wp-json\/wp\/v2\/users\/1"}],"replies":[{"embeddable":true,"href":"https:\/\/notinor.com\/jujuy\/wp-json\/wp\/v2\/comments?post=157359"}],"version-history":[{"count":1,"href":"https:\/\/notinor.com\/jujuy\/wp-json\/wp\/v2\/posts\/157359\/revisions"}],"predecessor-version":[{"id":157361,"href":"https:\/\/notinor.com\/jujuy\/wp-json\/wp\/v2\/posts\/157359\/revisions\/157361"}],"wp:featuredmedia":[{"embeddable":true,"href":"https:\/\/notinor.com\/jujuy\/wp-json\/wp\/v2\/media\/157360"}],"wp:attachment":[{"href":"https:\/\/notinor.com\/jujuy\/wp-json\/wp\/v2\/media?parent=157359"}],"wp:term":[{"taxonomy":"category","embeddable":true,"href":"https:\/\/notinor.com\/jujuy\/wp-json\/wp\/v2\/categories?post=157359"},{"taxonomy":"post_tag","embeddable":true,"href":"https:\/\/notinor.com\/jujuy\/wp-json\/wp\/v2\/tags?post=157359"}],"curies":[{"name":"wp","href":"https:\/\/api.w.org\/{rel}","templated":true}]}}