{"id":157347,"date":"2018-01-31T13:43:20","date_gmt":"2018-01-31T16:43:20","guid":{"rendered":"http:\/\/notinor.com\/jujuy\/?p=157347"},"modified":"2018-01-31T13:43:20","modified_gmt":"2018-01-31T16:43:20","slug":"detienen-a-dos-hombres-con-frondoso-prontuario","status":"publish","type":"post","link":"https:\/\/notinor.com\/jujuy\/detienen-a-dos-hombres-con-frondoso-prontuario\/","title":{"rendered":"Detienen a dos hombres con frondoso prontuario"},"content":{"rendered":"<p><img decoding=\"async\" loading=\"lazy\" class=\"alignnone size-medium wp-image-157348\" src=\"http:\/\/notinor.com\/jujuy\/wp-content\/uploads\/2018\/01\/secuestro-452x365.jpg\" alt=\"\" width=\"452\" height=\"365\" srcset=\"https:\/\/notinor.com\/jujuy\/wp-content\/uploads\/2018\/01\/secuestro-452x365.jpg 452w, https:\/\/notinor.com\/jujuy\/wp-content\/uploads\/2018\/01\/secuestro-768x620.jpg 768w, https:\/\/notinor.com\/jujuy\/wp-content\/uploads\/2018\/01\/secuestro-594x480.jpg 594w, https:\/\/notinor.com\/jujuy\/wp-content\/uploads\/2018\/01\/secuestro.jpg 1956w\" sizes=\"(max-width: 452px) 100vw, 452px\" \/><\/p>\n<p class=\"gmail-MsoNoSpacing\">Unidades m\u00f3viles de la Polic\u00eda, en conjunto con efectivos de la Brigada de Investigaciones - Divisi\u00f3n Captura, detuvieron a dos personas que se movilizaban en un autom\u00f3vil, luego de que estos habr\u00edan protagonizado un robo en el barrio Alto Comedero.<\/p>\n<p class=\"gmail-MsoNoSpacing\">Ocurri\u00f3 aproximadamente a las 18:40 horas, cuando la unidad policial recibe un llamado de emergencia a trav\u00e9s del 911, que solicitaba el apoyo inmediato en la perseucci\u00f3n de un autom\u00f3vil Fiat Spazio en cuyo interior se encontraban dos hombres que habr\u00edan robado el celular de una adolescente que se encontraba en una parada de colectivos cerca de Ruta Nacional N\u00b09.<\/p>\n<p class=\"gmail-MsoNoSpacing\">Efectivos en unidades m\u00f3viles y motorizadas salieron a dar caza de los ladrones junto con la v\u00edctima, quien opt\u00f3 por abordar uno de los m\u00f3viles policiales, realizando un rastrillaje por el barrio San Guillermo, logrando la victima individualizar el rodado en calle Guayaquil.<\/p>\n<p class=\"gmail-MsoNoSpacing\">Inmediatamente, se procedi\u00f3 a la aprensi\u00f3n de los individuos donde el acompa\u00f1ante arrojo por la ventanilla un objeto, y ante la presencia de testigos se pudo verificar que se tratar\u00eda de una celular marca Samsung J7, el cual fue reconocido por la v\u00edctima como de su propiedad.<\/p>\n<p class=\"gmail-MsoNoSpacing\">Asimismo, se procedi\u00f3 a la demora de los protagonistas de 21 y 31 a\u00f1os de edad, quienes fijan domicilio en los barrios San Francisco de \u00c1lava y Cerro Las Rosas, siendo trasladados hacia la Brigada de Investigaciones de Coronel Arias - Divisi\u00f3n Captura, siendo imputados por \"robo simple y coautor\u00eda\", deposit\u00e1ndose el veh\u00edculo protagonista en calidad de secuestro.<\/p>\n<p class=\"gmail-MsoNoSpacing\">Cabe destacar, que los malvivientes tienen un frondoso prontuario y al momento de identificarse, dieron datos falsos de su identidad, pero fueron descubiertos al ser sometidos.<\/p>\n<p class=\"gmail-MsoNoSpacing\">\n","protected":false},"excerpt":{"rendered":"<p>Unidades m\u00f3viles de la Polic\u00eda, en conjunto con efectivos de la Brigada de Investigaciones - Divisi\u00f3n Captura, detuvieron a dos personas que se movilizaban en un autom\u00f3vil, luego de que estos habr\u00edan protagonizado un robo en el barrio Alto Comedero. Ocurri\u00f3 aproximadamente a las 18:40 horas, cuando la unidad policial recibe un llamado de emergencia [&hellip;]<\/p>\n","protected":false},"author":5,"featured_media":157348,"comment_status":"open","ping_status":"open","sticky":false,"template":"","format":"standard","meta":{"_stopmodifiedupdate":false,"_modified_date":"","inline_featured_image":false},"categories":[3],"tags":[],"jetpack_featured_media_url":"https:\/\/notinor.com\/jujuy\/wp-content\/uploads\/2018\/01\/secuestro.jpg","_links":{"self":[{"href":"https:\/\/notinor.com\/jujuy\/wp-json\/wp\/v2\/posts\/157347"}],"collection":[{"href":"https:\/\/notinor.com\/jujuy\/wp-json\/wp\/v2\/posts"}],"about":[{"href":"https:\/\/notinor.com\/jujuy\/wp-json\/wp\/v2\/types\/post"}],"author":[{"embeddable":true,"href":"https:\/\/notinor.com\/jujuy\/wp-json\/wp\/v2\/users\/5"}],"replies":[{"embeddable":true,"href":"https:\/\/notinor.com\/jujuy\/wp-json\/wp\/v2\/comments?post=157347"}],"version-history":[{"count":1,"href":"https:\/\/notinor.com\/jujuy\/wp-json\/wp\/v2\/posts\/157347\/revisions"}],"predecessor-version":[{"id":157349,"href":"https:\/\/notinor.com\/jujuy\/wp-json\/wp\/v2\/posts\/157347\/revisions\/157349"}],"wp:featuredmedia":[{"embeddable":true,"href":"https:\/\/notinor.com\/jujuy\/wp-json\/wp\/v2\/media\/157348"}],"wp:attachment":[{"href":"https:\/\/notinor.com\/jujuy\/wp-json\/wp\/v2\/media?parent=157347"}],"wp:term":[{"taxonomy":"category","embeddable":true,"href":"https:\/\/notinor.com\/jujuy\/wp-json\/wp\/v2\/categories?post=157347"},{"taxonomy":"post_tag","embeddable":true,"href":"https:\/\/notinor.com\/jujuy\/wp-json\/wp\/v2\/tags?post=157347"}],"curies":[{"name":"wp","href":"https:\/\/api.w.org\/{rel}","templated":true}]}}