{"id":156328,"date":"2018-01-24T20:31:48","date_gmt":"2018-01-24T23:31:48","guid":{"rendered":"http:\/\/notinor.com\/jujuy\/?p=156328"},"modified":"2018-01-24T20:31:48","modified_gmt":"2018-01-24T23:31:48","slug":"nuevo-embajador-argentino-presenta-sus-credenciales-ante-donald-trump","status":"publish","type":"post","link":"https:\/\/notinor.com\/jujuy\/nuevo-embajador-argentino-presenta-sus-credenciales-ante-donald-trump\/","title":{"rendered":"Nuevo embajador argentino presenta sus credenciales ante Donald Trump"},"content":{"rendered":"<div id=\"f08MimYEOu6IBq\" class=\"wrapper clearfix full pb-feature pb-layout-item pb-f-article-body no-align\">\n<div id=\"article-body\" class=\"article-body article-body-elements\">\n<div id=\"article-content\">\n<div class=\"row\">\n<div class=\"col-xs-12 col-print-12\">\n<p><img decoding=\"async\" loading=\"lazy\" class=\"alignnone size-full wp-image-156329\" src=\"http:\/\/notinor.com\/jujuy\/wp-content\/uploads\/2018\/01\/trump-2.jpg\" alt=\"\" width=\"600\" height=\"338\" \/><\/p>\n<p class=\"element element-paragraph\">El empresario Fernando Oris de Roa cumpli\u00f3 con el paso protocolar de acudir a la Casa Blanca para entregarle en mano al presidente Donald Trump sus cartas credenciales, en lo que fue encuentro breve.<\/p>\n<p class=\"element element-paragraph\">Se destac\u00f3 como gesto importante un espaldarazo firme del magnate a la gesti\u00f3n que inicia el representante argentino.<\/p>\n<\/div>\n<\/div>\n<div class=\"row\">\n<div class=\"col-xs-12 col-print-12\">\n<p class=\"element element-paragraph\">\"Me palme\u00f3 el hombro y me dijo 'vas a hacer un gran trabajo\".<\/p>\n<p class=\"element element-paragraph\">Complet\u00f3 el gesto de Trump una menci\u00f3n directa al presidente argentino, a quien conoce desde hace muchos a\u00f1os. \"Apenas entr\u00e9 al Sal\u00f3n Oval donde tuvo lugar el encuentro dijo varias veces 'Mauricio, Mauricio!\", refiri\u00f3 el diplom\u00e1tico.<\/p>\n<\/div>\n<\/div>\n<div class=\"row\">\n<div class=\"col-xs-12 col-print-12\">\n<p class=\"element element-paragraph\">Con la presentaci\u00f3n de las credenciales Oris de Roa qued\u00f3 formalmente al frente de la embajada argentina en Estados Unidos, vacante desde que Mart\u00edn Lousteau dej\u00f3 el puesto para presentarse como candidato porte\u00f1o en las \u00faltimas elecciones legislativas.<\/p>\n<\/div>\n<\/div>\n<div class=\"row\">\n<div class=\"col-xs-12 col-print-12\">\n<p class=\"element element-paragraph\">Oris de Roa ingres\u00f3 a la Casa Blanca poco antes de las 10 (las 12 en la Argentina), junto con seis nuevos representantes de otros pa\u00edses, y se retir\u00f3 cerca del mediod\u00eda.<\/p>\n<\/div>\n<\/div>\n<div class=\"row\">\n<div id=\"\" class=\"wrapper clearfix pb-feature pb-layout-item pb-f-ads-dfp left-align\">\n<div id=\"inline\" class=\"pb-ad-container pb-ad pb-ad-prod ad-1X1\" data-slot-name=\"inline\" data-mobile-display=\"true\" data-desktop-display=\"true\" data-google-query-id=\"CKfkj_va8dgCFcMIDAod5_sLEA\"><\/div>\n<\/div>\n<\/div>\n<div class=\"row\">\n<div class=\"col-xs-12 col-print-12\">\n<p class=\"element element-paragraph\">La llegada del nuevo embajador coincidi\u00f3 con la designaci\u00f3n de quien ser\u00e1 a su vez el representante de Estados Unidos en la Argentina, el juez Edward Prado.<\/p>\n<\/div>\n<\/div>\n<\/div>\n<\/div>\n<\/div>\n","protected":false},"excerpt":{"rendered":"<p>El empresario Fernando Oris de Roa cumpli\u00f3 con el paso protocolar de acudir a la Casa Blanca para entregarle en mano al presidente Donald Trump sus cartas credenciales, en lo que fue encuentro breve. Se destac\u00f3 como gesto importante un espaldarazo firme del magnate a la gesti\u00f3n que inicia el representante argentino. \"Me palme\u00f3 el [&hellip;]<\/p>\n","protected":false},"author":5,"featured_media":156329,"comment_status":"open","ping_status":"open","sticky":false,"template":"","format":"standard","meta":{"_stopmodifiedupdate":false,"_modified_date":"","inline_featured_image":false,"spay_email":"","jetpack_publicize_message":""},"categories":[5],"tags":[],"jetpack_featured_media_url":"https:\/\/notinor.com\/jujuy\/wp-content\/uploads\/2018\/01\/trump-2.jpg","jetpack_publicize_connections":[],"_links":{"self":[{"href":"https:\/\/notinor.com\/jujuy\/wp-json\/wp\/v2\/posts\/156328"}],"collection":[{"href":"https:\/\/notinor.com\/jujuy\/wp-json\/wp\/v2\/posts"}],"about":[{"href":"https:\/\/notinor.com\/jujuy\/wp-json\/wp\/v2\/types\/post"}],"author":[{"embeddable":true,"href":"https:\/\/notinor.com\/jujuy\/wp-json\/wp\/v2\/users\/5"}],"replies":[{"embeddable":true,"href":"https:\/\/notinor.com\/jujuy\/wp-json\/wp\/v2\/comments?post=156328"}],"version-history":[{"count":1,"href":"https:\/\/notinor.com\/jujuy\/wp-json\/wp\/v2\/posts\/156328\/revisions"}],"predecessor-version":[{"id":156330,"href":"https:\/\/notinor.com\/jujuy\/wp-json\/wp\/v2\/posts\/156328\/revisions\/156330"}],"wp:featuredmedia":[{"embeddable":true,"href":"https:\/\/notinor.com\/jujuy\/wp-json\/wp\/v2\/media\/156329"}],"wp:attachment":[{"href":"https:\/\/notinor.com\/jujuy\/wp-json\/wp\/v2\/media?parent=156328"}],"wp:term":[{"taxonomy":"category","embeddable":true,"href":"https:\/\/notinor.com\/jujuy\/wp-json\/wp\/v2\/categories?post=156328"},{"taxonomy":"post_tag","embeddable":true,"href":"https:\/\/notinor.com\/jujuy\/wp-json\/wp\/v2\/tags?post=156328"}],"curies":[{"name":"wp","href":"https:\/\/api.w.org\/{rel}","templated":true}]}}