{"id":155930,"date":"2018-01-22T23:27:18","date_gmt":"2018-01-23T02:27:18","guid":{"rendered":"http:\/\/notinor.com\/jujuy\/?p=155930"},"modified":"2018-01-22T23:27:18","modified_gmt":"2018-01-23T02:27:18","slug":"pablo-aimar-volvera-a-jugar-un-partido-oficial-en-la-copa-argentina","status":"publish","type":"post","link":"https:\/\/notinor.com\/jujuy\/pablo-aimar-volvera-a-jugar-un-partido-oficial-en-la-copa-argentina\/","title":{"rendered":"Pablo Aimar volver\u00e1 a jugar un partido oficial en la Copa Argentina"},"content":{"rendered":"<p><img decoding=\"async\" src=\"https:\/\/www.infobae.com\/new-resizer\/VL8QmeOBb3Si52PhmQ377uEFqRw=\/600x0\/filters:quality(100)\/s3.amazonaws.com\/arc-wordpress-client-uploads\/infobae-wp\/wp-content\/uploads\/2018\/01\/22161249\/Pablo-Aimar-Estudiantes-de-Rio-Cuarto-3-1920.jpg\" \/><\/p>\n<p>&nbsp;<\/p>\n<div>\n<div>\n<p>El actual entrenador de la\u00a0Selecci\u00f3n Sub 17\u00a0y talentoso mediocampista,\u00a0Pablo Aimar,\u00a0quien\u00a0se retir\u00f3 hace casi tres a\u00f1os\u00a0como futbolista profesional,\u00a0volver\u00e1 a jugar un partido oficialcuando\u00a0busque dar vuelta la serie de la fase clasificatoria de la\u00a0Copa Argentina\u00a0conEstudiantes de R\u00edo Cuarto, como local frente a\u00a0Sportivo Belgrano\u00a0de San Francisco.<\/p>\n<\/div>\n<\/div>\n<div>\n<div>\n<p>El encuentro se disputar\u00e1 en el estadio \"Antonio Cadini\" de la ciudad\u00a0cordobesa a partir de las\u00a021:30, donde el equipo del \"Payaso\" se presentar\u00e1 en vivo por\u00a0TyC Sports. As\u00ed, el due\u00f1o de casa intentar\u00e1 dar vuelta el\u00a01-2\u00a0sufrido como visitante el viernes pasado por la\u00a0Fase Eliminatoria A\u00a0de la\u00a0competencia federal.<\/p>\n<\/div>\n<\/div>\n<div>\n<div>\n<p>\"Es muy probable que sea mi \u00faltimo partido,\u00a0mi despedida, y es bueno que no sea en un amistoso.\u00a0La cuenta pendiente era esa, jugar por algo, m\u00e1s all\u00e1 de que puede salir mal.\u00a0Sin desaf\u00edos no se puede vivir\", cont\u00f3\u00a0Aimar\u00a0la semana pasada, al anunciar su retorno.<\/p>\n<p>&nbsp;<\/p>\n<p><img decoding=\"async\" src=\"https:\/\/www.infobae.com\/new-resizer\/I5NNsVNXYwiOBJmuGGrR6mi8Iyg=\/600x0\/filters:quality(100)\/s3.amazonaws.com\/arc-wordpress-client-uploads\/infobae-wp\/wp-content\/uploads\/2018\/01\/22161253\/Pablo-Aimar-Estudiantes-de-Rio-Cuarto-4.jpg\" \/><\/p>\n<p>&nbsp;<\/p>\n<p>El \"Payaso\"\u00a0jug\u00f3 su \u00faltimo partido como profesional el 31 de mayo del 2015, con la camiseta de\u00a0River\u00a0en un\u00a02-0\u00a0ante\u00a0Rosario Central. Adem\u00e1s, se dar\u00e1 el gusto de compartir una cancha junto a su hermano. \"Si Dios quiere, cumplir\u00e9 el sue\u00f1o de jugar con mi hermano Andr\u00e9s, para Estudiantes de R\u00edo Cuarto. Gracias a los jugadores, CT y dirigentes por ayudarme con esta locura\", escribi\u00f3 en su cuenta de\u00a0Instagram\u00a0el hombre con pasado en el\u00a0Millonario, Valencia, Zaragoza, Benfica, Johor Darul Takzim de Malasia y la Selecci\u00f3n.<\/p>\n<p>&nbsp;<\/p>\n<p><img decoding=\"async\" src=\"https:\/\/www.infobae.com\/new-resizer\/qlLwpEEIuOpvsQf8t6drAHeymVU=\/600x0\/filters:quality(100)\/s3.amazonaws.com\/arc-wordpress-client-uploads\/infobae-wp\/wp-content\/uploads\/2018\/01\/22161236\/Pablo-Aimar-Estudiantes-de-Rio-Cuarto-1.jpg\" \/><\/p>\n<p>&nbsp;<\/p>\n<div>\n<div>\n<p><strong><em>Esta es la programaci\u00f3n de las revanchas de las series de\u00a0esta Fase Eliminatoria A:<\/em><\/strong><\/p>\n<\/div>\n<\/div>\n<div>\n<div>\n<p><strong><em>Martes 23 de enero<\/em><\/strong><\/p>\n<p>17.00: Sansinena de General Cerri \u2013 Villa Mitre de Bah\u00eda Blanca \/ Ida: 0-4<br \/>\n21.00: Crucero del Norte \u2013 Sportivo Patria de Formosa \/ Ida: 2-2<br \/>\n21.00: Alvarado de Mar del Plata \u2013 Rivadavia de Lincoln\/ Ida: 0-1<br \/>\n21.00: Defensores de Villa Ramallo \u2013 Douglas Haig de Pergamino \/ Ida: 0-0<br \/>\n21.00: Uni\u00f3n de Sunchales \u2013 Sportivo Las Parejas \/ Ida: 4-1<br \/>\n21.15: Gimnasia de Entre R\u00edos \u2013 Defensores de Pronunciamiento \/ Ida: 2-1<br \/>\n21.30: Deportivo Roca \u2013 Cipolletti de R\u00edo Negro \/ Ida: 0-1<br \/>\n21.30: Estudiantes de R\u00edo Cuarto \u2013 Sportivo Belgrano de San Francisco \/ Ida: 1-2<br \/>\n21.30: Gimnasia de Mendoza \u2013 Juventud Unida de San Luis \/ Ida: 2-0<br \/>\n21.30: Ferro de General Pico \u2013 Independiente de Neuqu\u00e9n \/ Ida: 0-1<br \/>\n21.30: Deportivo Maip\u00fa \u2013 Hurac\u00e1n Las Heras \/ Ida: 0-0<br \/>\n21.45: Desamparados de San Juan \u2013 Uni\u00f3n Villa Krause \/ Ida: 0-2<br \/>\n22.00: Central C\u00f3rdoba (SdE) \u2013 San Lorenzo de Alem \/ Ida: 1- 0<br \/>\n22.00: Altos Hornos Zapla \u2013 CSD San Jorge \/ Ida: 0-1<\/p>\n<\/div>\n<\/div>\n<div>\n<div>\n<p>Mi\u00e9rcoles 24 de enero<br \/>\n22.00: Gimnasia y Tiro \u2013 Juventud Antoniana \/ Ida: 0-0<br \/>\n21.30: Sarmiento de Resistencia \u2013 Chaco For Ever \/ Ida: 1-1<\/p>\n<\/div>\n<\/div>\n<\/div>\n<\/div>\n","protected":false},"excerpt":{"rendered":"<p>&nbsp; El actual entrenador de la\u00a0Selecci\u00f3n Sub 17\u00a0y talentoso mediocampista,\u00a0Pablo Aimar,\u00a0quien\u00a0se retir\u00f3 hace casi tres a\u00f1os\u00a0como futbolista profesional,\u00a0volver\u00e1 a jugar un partido oficialcuando\u00a0busque dar vuelta la serie de la fase clasificatoria de la\u00a0Copa Argentina\u00a0conEstudiantes de R\u00edo Cuarto, como local frente a\u00a0Sportivo Belgrano\u00a0de San Francisco. El encuentro se disputar\u00e1 en el estadio \"Antonio Cadini\" de la [&hellip;]<\/p>\n","protected":false},"author":1,"featured_media":155931,"comment_status":"open","ping_status":"open","sticky":false,"template":"","format":"standard","meta":{"_stopmodifiedupdate":false,"_modified_date":"","inline_featured_image":false},"categories":[7],"tags":[],"jetpack_featured_media_url":"https:\/\/notinor.com\/jujuy\/wp-content\/uploads\/2018\/01\/1-45.png","_links":{"self":[{"href":"https:\/\/notinor.com\/jujuy\/wp-json\/wp\/v2\/posts\/155930"}],"collection":[{"href":"https:\/\/notinor.com\/jujuy\/wp-json\/wp\/v2\/posts"}],"about":[{"href":"https:\/\/notinor.com\/jujuy\/wp-json\/wp\/v2\/types\/post"}],"author":[{"embeddable":true,"href":"https:\/\/notinor.com\/jujuy\/wp-json\/wp\/v2\/users\/1"}],"replies":[{"embeddable":true,"href":"https:\/\/notinor.com\/jujuy\/wp-json\/wp\/v2\/comments?post=155930"}],"version-history":[{"count":1,"href":"https:\/\/notinor.com\/jujuy\/wp-json\/wp\/v2\/posts\/155930\/revisions"}],"predecessor-version":[{"id":155932,"href":"https:\/\/notinor.com\/jujuy\/wp-json\/wp\/v2\/posts\/155930\/revisions\/155932"}],"wp:featuredmedia":[{"embeddable":true,"href":"https:\/\/notinor.com\/jujuy\/wp-json\/wp\/v2\/media\/155931"}],"wp:attachment":[{"href":"https:\/\/notinor.com\/jujuy\/wp-json\/wp\/v2\/media?parent=155930"}],"wp:term":[{"taxonomy":"category","embeddable":true,"href":"https:\/\/notinor.com\/jujuy\/wp-json\/wp\/v2\/categories?post=155930"},{"taxonomy":"post_tag","embeddable":true,"href":"https:\/\/notinor.com\/jujuy\/wp-json\/wp\/v2\/tags?post=155930"}],"curies":[{"name":"wp","href":"https:\/\/api.w.org\/{rel}","templated":true}]}}