{"id":155917,"date":"2018-01-22T20:14:14","date_gmt":"2018-01-22T23:14:14","guid":{"rendered":"http:\/\/notinor.com\/jujuy\/?p=155917"},"modified":"2018-01-22T20:16:57","modified_gmt":"2018-01-22T23:16:57","slug":"impactante-critica-a-francisco-por-los-abusos-a-menores","status":"publish","type":"post","link":"https:\/\/notinor.com\/jujuy\/impactante-critica-a-francisco-por-los-abusos-a-menores\/","title":{"rendered":"Impactante cr\u00edtica a Francisco: \"fuente de gran dolor para los sobrevivientes\""},"content":{"rendered":"<div class=\"bajada\">\n<figure id=\"attachment_155918\" aria-describedby=\"caption-attachment-155918\" style=\"width: 647px\" class=\"wp-caption alignnone\"><img decoding=\"async\" loading=\"lazy\" class=\"size-medium wp-image-155918\" src=\"http:\/\/notinor.com\/jujuy\/wp-content\/uploads\/2018\/01\/omalley-647x365.jpg\" alt=\"\" width=\"647\" height=\"365\" srcset=\"https:\/\/notinor.com\/jujuy\/wp-content\/uploads\/2018\/01\/omalley-647x365.jpg 647w, https:\/\/notinor.com\/jujuy\/wp-content\/uploads\/2018\/01\/omalley-768x434.jpg 768w, https:\/\/notinor.com\/jujuy\/wp-content\/uploads\/2018\/01\/omalley-840x474.jpg 840w, https:\/\/notinor.com\/jujuy\/wp-content\/uploads\/2018\/01\/omalley.jpg 930w\" sizes=\"(max-width: 647px) 100vw, 647px\" \/><figcaption id=\"caption-attachment-155918\" class=\"wp-caption-text\">Sean O'Malley<\/figcaption><\/figure>\n<p>Sean O'Malley ,el arzobispo de Boston, asesor en materia de abuso sexual clerical, critic\u00f3 fuertemente las actitudes del Papa Francisco en cuanto a ka defensa del pol\u00e9mico obispo chileno Barros, se\u00f1alado por haber encubierto violaciones.<\/p>\n<p>O'Malley critic\u00f3 a Francisco qui\u00e9n hab\u00eda considerado como \u201ccalumnias\u201d las denuncias de las v\u00edctimas en Chile por violaciones a menores. Para el arzobispo, las palabras de Francisco son una \u201cfuente de gran dolor para los sobrevivientes de abuso sexual\u201d.<\/p>\n<p>En un esfuerzo extraordinario por controlar los da\u00f1os, O\u2019 Malley insisti\u00f3 en una declaraci\u00f3n donde Francisco \u201creconoce plenamente los flagrantes fracasos de la iglesia y su clero, que maltrataron a los ni\u00f1os y el impacto devastador que esos cr\u00edmenes han tenido en los sobrevivientes y sus seres queridos\u201d.<\/p>\n<p>A trav\u00e9s de un comunicado, se expres\u00f3 desconcertado ya que no pod\u00eda explicar por qu\u00e9 Francisco \u201cescogi\u00f3 las palabras que us\u00f3\u201d y que tales expresiones tuvieron el efecto de abandonar a las v\u00edctimas y relegarlas al \u201cdesprestigiado exilio\u201d.<\/p>\n<p>Francisco, acus\u00f3 a las v\u00edctimas del mayor sacerdote ped\u00f3filo chileno de haber calumniado a otro obispo, Juan Barros. Las v\u00edctimas sostienen hubo encubrimiento porque Barros sab\u00eda del abuso cometido por el cura Fernando Karadima pero nunca lo detuvo o denunci\u00f3, lo cual es negado por Barros.<\/p>\n<p>\u201cEl d\u00eda que me traigan una prueba contra el obispo Barros, all\u00ed voy a hablar\u201d, dijo Francisco a periodistas chilenos en Iquique. \u201cNo hay ni una sola prueba en contra, todo es calumnia \u00bfEst\u00e1 claro?\u201d.<\/p>\n<p>Los chilenos que defienden los derechos de las v\u00edctimas se preguntan si el jesuita argentino de 81 a\u00f1os \u201centiende\u201d lo que significa el abuso sexual. El esc\u00e1ndalo ha devastado la credibilidad de la iglesia cat\u00f3lica en Chile y los comentarios de Francisco podr\u00edan perseguirlo en el futuro.<\/p>\n<p>Es muy poco com\u00fan que un cardenal critique p\u00fablicamente al Papa. Sin embargo, los comentarios de Francisco\u00a0 desentonan con un Vaticano que te\u00f3ricamente busca limpiar su imagen luego de los numeros\u00edsimos casos abuso sexual y encubrimiento que involucraron autoridades de la Iglesia Romana.<\/p>\n<\/div>\n","protected":false},"excerpt":{"rendered":"<p>Sean O'Malley ,el arzobispo de Boston, asesor en materia de abuso sexual clerical, critic\u00f3 fuertemente las actitudes del Papa Francisco en cuanto a ka defensa del pol\u00e9mico obispo chileno Barros, se\u00f1alado por haber encubierto violaciones. O'Malley critic\u00f3 a Francisco qui\u00e9n hab\u00eda considerado como \u201ccalumnias\u201d las denuncias de las v\u00edctimas en Chile por violaciones a menores. [&hellip;]<\/p>\n","protected":false},"author":5,"featured_media":155918,"comment_status":"open","ping_status":"open","sticky":false,"template":"","format":"standard","meta":{"_stopmodifiedupdate":false,"_modified_date":"","inline_featured_image":false},"categories":[6],"tags":[],"jetpack_featured_media_url":"https:\/\/notinor.com\/jujuy\/wp-content\/uploads\/2018\/01\/omalley.jpg","_links":{"self":[{"href":"https:\/\/notinor.com\/jujuy\/wp-json\/wp\/v2\/posts\/155917"}],"collection":[{"href":"https:\/\/notinor.com\/jujuy\/wp-json\/wp\/v2\/posts"}],"about":[{"href":"https:\/\/notinor.com\/jujuy\/wp-json\/wp\/v2\/types\/post"}],"author":[{"embeddable":true,"href":"https:\/\/notinor.com\/jujuy\/wp-json\/wp\/v2\/users\/5"}],"replies":[{"embeddable":true,"href":"https:\/\/notinor.com\/jujuy\/wp-json\/wp\/v2\/comments?post=155917"}],"version-history":[{"count":2,"href":"https:\/\/notinor.com\/jujuy\/wp-json\/wp\/v2\/posts\/155917\/revisions"}],"predecessor-version":[{"id":155920,"href":"https:\/\/notinor.com\/jujuy\/wp-json\/wp\/v2\/posts\/155917\/revisions\/155920"}],"wp:featuredmedia":[{"embeddable":true,"href":"https:\/\/notinor.com\/jujuy\/wp-json\/wp\/v2\/media\/155918"}],"wp:attachment":[{"href":"https:\/\/notinor.com\/jujuy\/wp-json\/wp\/v2\/media?parent=155917"}],"wp:term":[{"taxonomy":"category","embeddable":true,"href":"https:\/\/notinor.com\/jujuy\/wp-json\/wp\/v2\/categories?post=155917"},{"taxonomy":"post_tag","embeddable":true,"href":"https:\/\/notinor.com\/jujuy\/wp-json\/wp\/v2\/tags?post=155917"}],"curies":[{"name":"wp","href":"https:\/\/api.w.org\/{rel}","templated":true}]}}