{"id":155875,"date":"2018-01-22T18:24:03","date_gmt":"2018-01-22T21:24:03","guid":{"rendered":"http:\/\/notinor.com\/jujuy\/?p=155875"},"modified":"2018-01-22T18:24:03","modified_gmt":"2018-01-22T21:24:03","slug":"concluyo-la-colonia-de-vacaciones-en-el-club-atletico-ledesma","status":"publish","type":"post","link":"https:\/\/notinor.com\/jujuy\/concluyo-la-colonia-de-vacaciones-en-el-club-atletico-ledesma\/","title":{"rendered":"Concluy\u00f3 la colonia de vacaciones en el Club Atl\u00e9tico Ledesma"},"content":{"rendered":"<p><img decoding=\"async\" loading=\"lazy\" class=\"alignnone size-medium wp-image-155876\" src=\"http:\/\/notinor.com\/jujuy\/wp-content\/uploads\/2018\/01\/Colonia-CAL-2018-1-487x365.jpg\" alt=\"\" width=\"487\" height=\"365\" srcset=\"https:\/\/notinor.com\/jujuy\/wp-content\/uploads\/2018\/01\/Colonia-CAL-2018-1-487x365.jpg 487w, https:\/\/notinor.com\/jujuy\/wp-content\/uploads\/2018\/01\/Colonia-CAL-2018-1-768x576.jpg 768w, https:\/\/notinor.com\/jujuy\/wp-content\/uploads\/2018\/01\/Colonia-CAL-2018-1-640x480.jpg 640w, https:\/\/notinor.com\/jujuy\/wp-content\/uploads\/2018\/01\/Colonia-CAL-2018-1.jpg 960w\" sizes=\"(max-width: 487px) 100vw, 487px\" \/><\/p>\n<p>El CAL cuenta con un plantel docente estable, que desarrolla las actividades regulares durante el a\u00f1o y organiza especialmente la colonia de vacaciones para los m\u00e1s peque\u00f1os del barrio Ledesma, en Libertador General San Mart\u00edn. Los profesores son: Jes\u00fas Fern\u00e1ndez, Fabiola Lobo, Juan Hermida, Juan Gandur, Juan Ojeda y Andr\u00e9s Miranda.<\/p>\n<p><img decoding=\"async\" loading=\"lazy\" class=\"alignnone size-medium wp-image-155877\" src=\"http:\/\/notinor.com\/jujuy\/wp-content\/uploads\/2018\/01\/Colonia-CAL-2018-2-597x365.jpg\" alt=\"\" width=\"597\" height=\"365\" srcset=\"https:\/\/notinor.com\/jujuy\/wp-content\/uploads\/2018\/01\/Colonia-CAL-2018-2-597x365.jpg 597w, https:\/\/notinor.com\/jujuy\/wp-content\/uploads\/2018\/01\/Colonia-CAL-2018-2-768x470.jpg 768w, https:\/\/notinor.com\/jujuy\/wp-content\/uploads\/2018\/01\/Colonia-CAL-2018-2-785x480.jpg 785w, https:\/\/notinor.com\/jujuy\/wp-content\/uploads\/2018\/01\/Colonia-CAL-2018-2.jpg 863w\" sizes=\"(max-width: 597px) 100vw, 597px\" \/><\/p>\n<p>Con el objetivo de favorecer el crecimiento y desarrollo de los ni\u00f1os, adquirir buenos h\u00e1bitos de conducta, conocimiento de deportes y habilidades de recreaci\u00f3n tanto en los d\u00edas de sol como los de lluvia. De esta manera hubo juegos, canto, nataci\u00f3n, baile, cine, campamento, talleres de cocina y jornadas de tecnolog\u00eda y cultura articuladas con el Centro de Visitantes Ledesma y el Centro de Innovaci\u00f3n y Tecnolog\u00eda de Ledesma.<\/p>\n<p><img decoding=\"async\" loading=\"lazy\" class=\"alignnone size-medium wp-image-155878\" src=\"http:\/\/notinor.com\/jujuy\/wp-content\/uploads\/2018\/01\/Colonia-CAL-2018-3-650x365.jpg\" alt=\"\" width=\"650\" height=\"365\" srcset=\"https:\/\/notinor.com\/jujuy\/wp-content\/uploads\/2018\/01\/Colonia-CAL-2018-3-650x365.jpg 650w, https:\/\/notinor.com\/jujuy\/wp-content\/uploads\/2018\/01\/Colonia-CAL-2018-3-500x280.jpg 500w, https:\/\/notinor.com\/jujuy\/wp-content\/uploads\/2018\/01\/Colonia-CAL-2018-3-768x431.jpg 768w, https:\/\/notinor.com\/jujuy\/wp-content\/uploads\/2018\/01\/Colonia-CAL-2018-3-840x472.jpg 840w, https:\/\/notinor.com\/jujuy\/wp-content\/uploads\/2018\/01\/Colonia-CAL-2018-3.jpg 960w\" sizes=\"(max-width: 650px) 100vw, 650px\" \/><\/p>\n<p>El Club Atl\u00e9tico Ledesma es una instituci\u00f3n de m\u00e1s de 80 a\u00f1os de antig\u00fcedad que busca ofrecer un espacio de recreaci\u00f3n y deporte para la familia. Sobre sus diez hect\u00e1reas de superficie cuenta con canchas de tenis, b\u00e1squet, f\u00fatbol, rugby, estadio de f\u00fatbol, gimnasio cubierto, quincho y comedor.<\/p>\n<p><img decoding=\"async\" loading=\"lazy\" class=\"alignnone size-medium wp-image-155879\" src=\"http:\/\/notinor.com\/jujuy\/wp-content\/uploads\/2018\/01\/Colonia-CAL-2018-4-487x365.jpg\" alt=\"\" width=\"487\" height=\"365\" srcset=\"https:\/\/notinor.com\/jujuy\/wp-content\/uploads\/2018\/01\/Colonia-CAL-2018-4-487x365.jpg 487w, https:\/\/notinor.com\/jujuy\/wp-content\/uploads\/2018\/01\/Colonia-CAL-2018-4-768x576.jpg 768w, https:\/\/notinor.com\/jujuy\/wp-content\/uploads\/2018\/01\/Colonia-CAL-2018-4-640x480.jpg 640w, https:\/\/notinor.com\/jujuy\/wp-content\/uploads\/2018\/01\/Colonia-CAL-2018-4.jpg 960w\" sizes=\"(max-width: 487px) 100vw, 487px\" \/><\/p>\n","protected":false},"excerpt":{"rendered":"<p>El CAL cuenta con un plantel docente estable, que desarrolla las actividades regulares durante el a\u00f1o y organiza especialmente la colonia de vacaciones para los m\u00e1s peque\u00f1os del barrio Ledesma, en Libertador General San Mart\u00edn. Los profesores son: Jes\u00fas Fern\u00e1ndez, Fabiola Lobo, Juan Hermida, Juan Gandur, Juan Ojeda y Andr\u00e9s Miranda. Con el objetivo de [&hellip;]<\/p>\n","protected":false},"author":1,"featured_media":155876,"comment_status":"open","ping_status":"open","sticky":false,"template":"","format":"standard","meta":{"_stopmodifiedupdate":false,"_modified_date":"","inline_featured_image":false},"categories":[4],"tags":[],"jetpack_featured_media_url":"https:\/\/notinor.com\/jujuy\/wp-content\/uploads\/2018\/01\/Colonia-CAL-2018-1.jpg","_links":{"self":[{"href":"https:\/\/notinor.com\/jujuy\/wp-json\/wp\/v2\/posts\/155875"}],"collection":[{"href":"https:\/\/notinor.com\/jujuy\/wp-json\/wp\/v2\/posts"}],"about":[{"href":"https:\/\/notinor.com\/jujuy\/wp-json\/wp\/v2\/types\/post"}],"author":[{"embeddable":true,"href":"https:\/\/notinor.com\/jujuy\/wp-json\/wp\/v2\/users\/1"}],"replies":[{"embeddable":true,"href":"https:\/\/notinor.com\/jujuy\/wp-json\/wp\/v2\/comments?post=155875"}],"version-history":[{"count":1,"href":"https:\/\/notinor.com\/jujuy\/wp-json\/wp\/v2\/posts\/155875\/revisions"}],"predecessor-version":[{"id":155881,"href":"https:\/\/notinor.com\/jujuy\/wp-json\/wp\/v2\/posts\/155875\/revisions\/155881"}],"wp:featuredmedia":[{"embeddable":true,"href":"https:\/\/notinor.com\/jujuy\/wp-json\/wp\/v2\/media\/155876"}],"wp:attachment":[{"href":"https:\/\/notinor.com\/jujuy\/wp-json\/wp\/v2\/media?parent=155875"}],"wp:term":[{"taxonomy":"category","embeddable":true,"href":"https:\/\/notinor.com\/jujuy\/wp-json\/wp\/v2\/categories?post=155875"},{"taxonomy":"post_tag","embeddable":true,"href":"https:\/\/notinor.com\/jujuy\/wp-json\/wp\/v2\/tags?post=155875"}],"curies":[{"name":"wp","href":"https:\/\/api.w.org\/{rel}","templated":true}]}}