{"id":155853,"date":"2018-01-22T23:09:14","date_gmt":"2018-01-23T02:09:14","guid":{"rendered":"http:\/\/notinor.com\/jujuy\/?p=155853"},"modified":"2018-01-22T23:09:14","modified_gmt":"2018-01-23T02:09:14","slug":"por-que-javier-mascherano-no-jugara-en-su-despedida-del-barcelona","status":"publish","type":"post","link":"https:\/\/notinor.com\/jujuy\/por-que-javier-mascherano-no-jugara-en-su-despedida-del-barcelona\/","title":{"rendered":"Por qu\u00e9 Javier Mascherano no jugar\u00e1 en su despedida del Barcelona"},"content":{"rendered":"<p><img decoding=\"async\" src=\"https:\/\/www.infobae.com\/new-resizer\/MoWFLvuiwBpFryWF5SJ9HJQw9lI=\/600x0\/filters:quality(100)\/s3.amazonaws.com\/arc-wordpress-client-uploads\/infobae-wp\/wp-content\/uploads\/2018\/01\/12192254\/Javier-Mascherano-Barcelona-Celta-1920-1.jpg\" alt=\"(Getty)\" \/><\/p>\n<p>&nbsp;<\/p>\n<div>\n<div>\n<p>Lleg\u00f3 el punto final para el paso de\u00a0Javier Mascherano\u00a0por el\u00a0Barcelona. Esta semana, tras algunas semanas de suspenso, se concretar\u00e1 la salida del futbolista argentino, que seguir\u00e1 su carrera en el\u00a0Hebei Fortune\u00a0de la Superliga china.<\/p>\n<\/div>\n<\/div>\n<div>\n<div>\n<p>Sin embargo, Mascherano no podr\u00e1 decir adi\u00f3s dentro del campo de juego. Reci\u00e9n volvi\u00f3 a entrenarse con sus compa\u00f1eros este lunes luego de sufrir una molestia muscular en el muslo izquierdo, pero\u00a0a\u00fan no est\u00e1 al 100% de su condici\u00f3n f\u00edsica\u00a0como para estar de arranque en el duelo que el Bar\u00e7a jugar\u00e1 el jueves por la vuelta de los octavos de final de la Copa del Rey ante el Espanyol en el Camp Nou.<\/p>\n<p>&nbsp;<\/p>\n<p><img decoding=\"async\" src=\"https:\/\/www.infobae.com\/new-resizer\/qj43nGXChAV99JjvSNlezeWb37E=\/600x0\/filters:quality(100)\/s3.amazonaws.com\/arc-wordpress-client-uploads\/infobae-wp\/wp-content\/uploads\/2017\/12\/05082341\/mascherano-portadas-1920-3.jpg\" alt=\"(Getty)\" \/><\/p>\n<p>&nbsp;<\/p>\n<p>Aunque\u00a0el ex River, West Ham y Liverpool no es\u00a0partidario de las grandes demostraciones p\u00fablicas,\u00a0el club pretende realizar una conferencia de prensa el mi\u00e9rcoles para que se despida de los hinchas. All\u00ed, se espera que el futbolista est\u00e9 rodeado de todos sus compa\u00f1eros del plantel y que explique ante la prensa las razones de su salida.<\/p>\n<p>Tambi\u00e9n es probable que un d\u00eda despu\u00e9s, en el cl\u00e1sico ante Espanyol,\u00a0haya una suerte de homenaje a las siete temporadas y media que el argentino jug\u00f3 en el Barcelona\u00a0y en las que se alz\u00f3 con 17 t\u00edtulos. \"El Jefecito\" no\u00a0tendr\u00e1 actividad dentro del campo de juego, pero\u00a0estar\u00e1 en el estadio para recibir la \u00faltima gran ovaci\u00f3n por parte de los fan\u00e1ticos.<\/p>\n<p>&nbsp;<\/p>\n<p><img decoding=\"async\" src=\"https:\/\/www.infobae.com\/new-resizer\/0_FCKTrN2Sk_aGpMiMtnSyUfK9g=\/600x0\/filters:quality(100)\/s3.amazonaws.com\/arc-wordpress-client-uploads\/infobae-wp\/wp-content\/uploads\/2017\/12\/14092407\/GettyImages-649666594.jpg\" alt=\"(Getty Images)\" \/><\/p>\n<p>&nbsp;<\/p>\n<p>Luego, se oficializar\u00e1 el desembarco de Mascherano en el Hebei Fortune, club que est\u00e1 realizando su pretemporada en Marbella, Espa\u00f1a, y que dirige el chileno\u00a0Manuel Pellegrini, entrenador que, casualmente, lo hizo debutar en Primera en River en el 2003. El traspaso le dejar\u00e1 al club catal\u00e1n unos 10 millones de euros.<\/p>\n<\/div>\n<\/div>\n","protected":false},"excerpt":{"rendered":"<p>&nbsp; Lleg\u00f3 el punto final para el paso de\u00a0Javier Mascherano\u00a0por el\u00a0Barcelona. Esta semana, tras algunas semanas de suspenso, se concretar\u00e1 la salida del futbolista argentino, que seguir\u00e1 su carrera en el\u00a0Hebei Fortune\u00a0de la Superliga china. Sin embargo, Mascherano no podr\u00e1 decir adi\u00f3s dentro del campo de juego. Reci\u00e9n volvi\u00f3 a entrenarse con sus compa\u00f1eros este [&hellip;]<\/p>\n","protected":false},"author":1,"featured_media":155921,"comment_status":"open","ping_status":"open","sticky":false,"template":"","format":"standard","meta":{"_stopmodifiedupdate":false,"_modified_date":"","inline_featured_image":false},"categories":[7],"tags":[],"jetpack_featured_media_url":"https:\/\/notinor.com\/jujuy\/wp-content\/uploads\/2018\/01\/MASCHERANO.png","_links":{"self":[{"href":"https:\/\/notinor.com\/jujuy\/wp-json\/wp\/v2\/posts\/155853"}],"collection":[{"href":"https:\/\/notinor.com\/jujuy\/wp-json\/wp\/v2\/posts"}],"about":[{"href":"https:\/\/notinor.com\/jujuy\/wp-json\/wp\/v2\/types\/post"}],"author":[{"embeddable":true,"href":"https:\/\/notinor.com\/jujuy\/wp-json\/wp\/v2\/users\/1"}],"replies":[{"embeddable":true,"href":"https:\/\/notinor.com\/jujuy\/wp-json\/wp\/v2\/comments?post=155853"}],"version-history":[{"count":1,"href":"https:\/\/notinor.com\/jujuy\/wp-json\/wp\/v2\/posts\/155853\/revisions"}],"predecessor-version":[{"id":155922,"href":"https:\/\/notinor.com\/jujuy\/wp-json\/wp\/v2\/posts\/155853\/revisions\/155922"}],"wp:featuredmedia":[{"embeddable":true,"href":"https:\/\/notinor.com\/jujuy\/wp-json\/wp\/v2\/media\/155921"}],"wp:attachment":[{"href":"https:\/\/notinor.com\/jujuy\/wp-json\/wp\/v2\/media?parent=155853"}],"wp:term":[{"taxonomy":"category","embeddable":true,"href":"https:\/\/notinor.com\/jujuy\/wp-json\/wp\/v2\/categories?post=155853"},{"taxonomy":"post_tag","embeddable":true,"href":"https:\/\/notinor.com\/jujuy\/wp-json\/wp\/v2\/tags?post=155853"}],"curies":[{"name":"wp","href":"https:\/\/api.w.org\/{rel}","templated":true}]}}