{"id":155826,"date":"2018-01-22T09:57:57","date_gmt":"2018-01-22T12:57:57","guid":{"rendered":"http:\/\/notinor.com\/jujuy\/?p=155826"},"modified":"2018-01-22T09:57:57","modified_gmt":"2018-01-22T12:57:57","slug":"atentado-en-afganistan-43-muertos","status":"publish","type":"post","link":"https:\/\/notinor.com\/jujuy\/atentado-en-afganistan-43-muertos\/","title":{"rendered":"Atentado en Afganist\u00e1n: 43 muertos"},"content":{"rendered":"<div class=\"\">\n<div class=\"image-trigger pointer\" data-index=\"1\">\n<p><img decoding=\"async\" loading=\"lazy\" class=\"alignnone size-medium wp-image-155827\" src=\"http:\/\/notinor.com\/jujuy\/wp-content\/uploads\/2018\/01\/hote-517x365.jpg\" alt=\"\" width=\"517\" height=\"365\" srcset=\"https:\/\/notinor.com\/jujuy\/wp-content\/uploads\/2018\/01\/hote-517x365.jpg 517w, https:\/\/notinor.com\/jujuy\/wp-content\/uploads\/2018\/01\/hote-768x543.jpg 768w, https:\/\/notinor.com\/jujuy\/wp-content\/uploads\/2018\/01\/hote-679x480.jpg 679w, https:\/\/notinor.com\/jujuy\/wp-content\/uploads\/2018\/01\/hote-120x86.jpg 120w, https:\/\/notinor.com\/jujuy\/wp-content\/uploads\/2018\/01\/hote.jpg 1200w\" sizes=\"(max-width: 517px) 100vw, 517px\" \/><\/p>\n<p>Al menos 43 personas, incluidos seis atacantes, murieron en un ataque talib\u00e1n al Hotel Intercontinental de Kabul, en el que las fuerzas de seguridad rescataron a m\u00e1s de 150 empleados y hu\u00e9spedes, 40 de ellos for\u00e1neos.<\/p>\n<p>Un atacante suicida se inmol\u00f3 a la entrada del lujoso establecimiento, muy frecuentado por extranjeros, para allanar el camino a sus cinco compa\u00f1eros, que penetraron en el hotel cargados de armas, explosivos y chalecos listos para ser detonados.<\/p>\n<p>El asalto tuvo doce horas de enfrentamientos entre las fuerzas de seguridad y los talibanes, hasta que las autoridades afganas lo dieron por terminado en la ma\u00f1ana de este domingo.<\/p>\n<p>\"El ataque ha terminado completamente despu\u00e9s de que todos los atacantes fuesen eliminados\", dijo el portavoz del Ministerio de Interior, Nasrat Rahimi.<\/p>\n<\/div>\n<\/div>\n","protected":false},"excerpt":{"rendered":"<p>Al menos 43 personas, incluidos seis atacantes, murieron en un ataque talib\u00e1n al Hotel Intercontinental de Kabul, en el que las fuerzas de seguridad rescataron a m\u00e1s de 150 empleados y hu\u00e9spedes, 40 de ellos for\u00e1neos. Un atacante suicida se inmol\u00f3 a la entrada del lujoso establecimiento, muy frecuentado por extranjeros, para allanar el camino [&hellip;]<\/p>\n","protected":false},"author":5,"featured_media":155827,"comment_status":"open","ping_status":"open","sticky":false,"template":"","format":"standard","meta":{"_stopmodifiedupdate":false,"_modified_date":"","inline_featured_image":false},"categories":[6],"tags":[],"jetpack_featured_media_url":"https:\/\/notinor.com\/jujuy\/wp-content\/uploads\/2018\/01\/hote.jpg","_links":{"self":[{"href":"https:\/\/notinor.com\/jujuy\/wp-json\/wp\/v2\/posts\/155826"}],"collection":[{"href":"https:\/\/notinor.com\/jujuy\/wp-json\/wp\/v2\/posts"}],"about":[{"href":"https:\/\/notinor.com\/jujuy\/wp-json\/wp\/v2\/types\/post"}],"author":[{"embeddable":true,"href":"https:\/\/notinor.com\/jujuy\/wp-json\/wp\/v2\/users\/5"}],"replies":[{"embeddable":true,"href":"https:\/\/notinor.com\/jujuy\/wp-json\/wp\/v2\/comments?post=155826"}],"version-history":[{"count":1,"href":"https:\/\/notinor.com\/jujuy\/wp-json\/wp\/v2\/posts\/155826\/revisions"}],"predecessor-version":[{"id":155828,"href":"https:\/\/notinor.com\/jujuy\/wp-json\/wp\/v2\/posts\/155826\/revisions\/155828"}],"wp:featuredmedia":[{"embeddable":true,"href":"https:\/\/notinor.com\/jujuy\/wp-json\/wp\/v2\/media\/155827"}],"wp:attachment":[{"href":"https:\/\/notinor.com\/jujuy\/wp-json\/wp\/v2\/media?parent=155826"}],"wp:term":[{"taxonomy":"category","embeddable":true,"href":"https:\/\/notinor.com\/jujuy\/wp-json\/wp\/v2\/categories?post=155826"},{"taxonomy":"post_tag","embeddable":true,"href":"https:\/\/notinor.com\/jujuy\/wp-json\/wp\/v2\/tags?post=155826"}],"curies":[{"name":"wp","href":"https:\/\/api.w.org\/{rel}","templated":true}]}}