{"id":155824,"date":"2018-01-22T17:17:18","date_gmt":"2018-01-22T20:17:18","guid":{"rendered":"http:\/\/notinor.com\/jujuy\/?p=155824"},"modified":"2018-01-22T17:24:45","modified_gmt":"2018-01-22T20:24:45","slug":"diego-maradona-llego-a-un-acuerdo-con-su-sobrino-para-que-no-use-mas-su-apellido","status":"publish","type":"post","link":"https:\/\/notinor.com\/jujuy\/diego-maradona-llego-a-un-acuerdo-con-su-sobrino-para-que-no-use-mas-su-apellido\/","title":{"rendered":"Diego Maradona lleg\u00f3 a un acuerdo con su sobrino para que no use m\u00e1s su apellido"},"content":{"rendered":"<p><img decoding=\"async\" src=\"https:\/\/www.infobae.com\/new-resizer\/aJh-0ah5Y6oeCXq7y1GNaXIIE9E=\/600x0\/filters:quality(100)\/s3.amazonaws.com\/arc-wordpress-client-uploads\/infobae-wp\/wp-content\/uploads\/2017\/12\/01121747\/Diego-Maradona-Sorteo-rusia-2018.jpg\" \/><\/p>\n<p>&nbsp;<\/p>\n<p>Diego Armando Maradona\u00a0le solicit\u00f3 a su sobrino\u00a0Walter Christian Machuca\u00a0que deje de usar su apellido. La semana pasada, el ex futbolista le envi\u00f3 una carta documento cuando se enter\u00f3 de que estaba protagonizando\u00a0So\u00f1adores 2, una obra en el teatro Victoria de Mar del Plata, usando el nombre art\u00edstico\u00a0Chino Maradona.<\/p>\n<p>&nbsp;<\/p>\n<p><img decoding=\"async\" src=\"https:\/\/www.infobae.com\/new-resizer\/9zit_l1MxWwkIbMaOonSA06I4n4=\/600x0\/filters:quality(100)\/s3.amazonaws.com\/arc-wordpress-client-uploads\/infobae-wp\/wp-content\/uploads\/2018\/01\/22083521\/chino_conferencia.jpg\" alt=\"El sobrino de Maradona dio una conferencia de prensa, tras recibir una carta documento del abogado Mat\u00edas Morla (Eduardo Aguada \/ Teleshow)\" \/><\/p>\n<p>\"En mi car\u00e1cter de apoderado del Sr. Diego Armando Maradona, lo intimo a usted a que en el plazo perentorio de 5 (cinco) d\u00edas de recibida la presente,\u00a0cese en el uso de la marca registrada a nombre de MARADONA, bajo apercibimiento de iniciar las acciones penales ante la justicia federal en lo criminal y correccional y\/o civiles ante la justicia federal en lo civil y comercial\", dec\u00eda el escrito que le envi\u00f3 Mat\u00edas Morla, abogado del director t\u00e9cnico de\u00a0Al Fujairah.<\/p>\n<p>&nbsp;<\/p>\n<p>En el espect\u00e1culo, Machuca\u00a0se\u00f1alaba que su t\u00edo estaba mal de salud y acusaba a Roc\u00edo Oliva de darle droga.\u00a0Tambi\u00e9n dio varias entrevistas en las que contaba que el entorno del\u00a0Diez\u00a0no lo estaba cuidando bien. Por este motivo, le solicitaron que\u00a0\"se abstenga a toda divulgaci\u00f3n en medios masivos de comunicaci\u00f3n, espect\u00e1culos y afines\" de cuestiones relacionadas a Diego Maradona, su actual pareja y su n\u00facleo familiar, en especial toda divulgaci\u00f3n concerniente a menores de edad.<\/p>\n<div>\n<div>\n<p>Tras la intimaci\u00f3n a Walter Machuca, los productores de la obra\u00a0So\u00f1adores 2, y los due\u00f1os del teatro Victoria, decidieron no iniciar una batalla judicial\u00a0y bajaron el cartel de la marquesina que ten\u00eda el apellido Maradona. Adem\u00e1s, se comprometieron a que en el espect\u00e1culo\u00a0no hablar\u00e1n m\u00e1s del ex capit\u00e1n de la Selecci\u00f3n Argentina o de su mujer Roc\u00edo Oliva.<\/p>\n<\/div>\n<\/div>\n<div>\n<div>\n<p>El sobrino de Diego realiz\u00f3 una conferencia de prensa para hablar sobre este episodio, acompa\u00f1ado por los productores de la obra y su abogado. Adem\u00e1s, se encarg\u00f3 \u00e9l mismo de tapar el apellido Maradona del cartel.<\/p>\n<p>\"Maradona es una marca registrada y su uso de forma indebida ocasiona un desprestigio y una p\u00e9rdida econ\u00f3mica. Como defensor de los bienes de Diego, cuando entendemos que se est\u00e1 perjudicando su imagen, actuamos de inmediato. Con excelente criterio me llamaron los due\u00f1os del teatro y reconocieron el error en el cartel. El apellido de Walter es Machuca, no Maradona. Y como ellos sacan el nombre y no van a hablar de Diego en la obra, nosotros vamos a desistir de cualquier acci\u00f3n legal\", dijo el doctor Morla luego de llegar a este acuerdo.<\/p>\n<p>&nbsp;<\/p>\n<p><img decoding=\"async\" src=\"https:\/\/www.infobae.com\/new-resizer\/oPQZm3NWX0zNPrS9U9rvZ337Sgg=\/600x0\/filters:quality(100)\/s3.amazonaws.com\/arc-wordpress-client-uploads\/infobae-wp\/wp-content\/uploads\/2018\/01\/22073651\/cartadocumento.jpg\" \/><\/p>\n<p>&nbsp;<\/p>\n<\/div>\n<\/div>\n","protected":false},"excerpt":{"rendered":"<p>&nbsp; Diego Armando Maradona\u00a0le solicit\u00f3 a su sobrino\u00a0Walter Christian Machuca\u00a0que deje de usar su apellido. La semana pasada, el ex futbolista le envi\u00f3 una carta documento cuando se enter\u00f3 de que estaba protagonizando\u00a0So\u00f1adores 2, una obra en el teatro Victoria de Mar del Plata, usando el nombre art\u00edstico\u00a0Chino Maradona. &nbsp; \"En mi car\u00e1cter de apoderado [&hellip;]<\/p>\n","protected":false},"author":1,"featured_media":155846,"comment_status":"open","ping_status":"open","sticky":false,"template":"","format":"standard","meta":{"_stopmodifiedupdate":false,"_modified_date":"","inline_featured_image":false},"categories":[13],"tags":[],"jetpack_featured_media_url":"https:\/\/notinor.com\/jujuy\/wp-content\/uploads\/2018\/01\/1-43.png","_links":{"self":[{"href":"https:\/\/notinor.com\/jujuy\/wp-json\/wp\/v2\/posts\/155824"}],"collection":[{"href":"https:\/\/notinor.com\/jujuy\/wp-json\/wp\/v2\/posts"}],"about":[{"href":"https:\/\/notinor.com\/jujuy\/wp-json\/wp\/v2\/types\/post"}],"author":[{"embeddable":true,"href":"https:\/\/notinor.com\/jujuy\/wp-json\/wp\/v2\/users\/1"}],"replies":[{"embeddable":true,"href":"https:\/\/notinor.com\/jujuy\/wp-json\/wp\/v2\/comments?post=155824"}],"version-history":[{"count":1,"href":"https:\/\/notinor.com\/jujuy\/wp-json\/wp\/v2\/posts\/155824\/revisions"}],"predecessor-version":[{"id":155847,"href":"https:\/\/notinor.com\/jujuy\/wp-json\/wp\/v2\/posts\/155824\/revisions\/155847"}],"wp:featuredmedia":[{"embeddable":true,"href":"https:\/\/notinor.com\/jujuy\/wp-json\/wp\/v2\/media\/155846"}],"wp:attachment":[{"href":"https:\/\/notinor.com\/jujuy\/wp-json\/wp\/v2\/media?parent=155824"}],"wp:term":[{"taxonomy":"category","embeddable":true,"href":"https:\/\/notinor.com\/jujuy\/wp-json\/wp\/v2\/categories?post=155824"},{"taxonomy":"post_tag","embeddable":true,"href":"https:\/\/notinor.com\/jujuy\/wp-json\/wp\/v2\/tags?post=155824"}],"curies":[{"name":"wp","href":"https:\/\/api.w.org\/{rel}","templated":true}]}}