{"id":155803,"date":"2018-01-22T09:18:25","date_gmt":"2018-01-22T12:18:25","guid":{"rendered":"http:\/\/notinor.com\/jujuy\/?p=155803"},"modified":"2018-01-22T09:18:25","modified_gmt":"2018-01-22T12:18:25","slug":"incertidumbre-por-el-futuro-de-carles-puigdemont","status":"publish","type":"post","link":"https:\/\/notinor.com\/jujuy\/incertidumbre-por-el-futuro-de-carles-puigdemont\/","title":{"rendered":"Incertidumbre por el futuro de Carles Puigdemont"},"content":{"rendered":"<figure id=\"attachment_155806\" aria-describedby=\"caption-attachment-155806\" style=\"width: 660px\" class=\"wp-caption alignnone\"><img decoding=\"async\" loading=\"lazy\" class=\"size-medium wp-image-155806\" src=\"http:\/\/notinor.com\/jujuy\/wp-content\/uploads\/2018\/01\/puide-660x356.jpg\" alt=\"\" width=\"660\" height=\"356\" srcset=\"https:\/\/notinor.com\/jujuy\/wp-content\/uploads\/2018\/01\/puide-660x356.jpg 660w, https:\/\/notinor.com\/jujuy\/wp-content\/uploads\/2018\/01\/puide-768x415.jpg 768w, https:\/\/notinor.com\/jujuy\/wp-content\/uploads\/2018\/01\/puide-840x454.jpg 840w, https:\/\/notinor.com\/jujuy\/wp-content\/uploads\/2018\/01\/puide.jpg 1000w\" sizes=\"(max-width: 660px) 100vw, 660px\" \/><figcaption id=\"caption-attachment-155806\" class=\"wp-caption-text\">Former Catalan leader Carles Puigdemont arrives on January 22, 2018 at Copenhagen Airport in Denmark.<br \/>Former Catalan leader Carles Puigdemont arrived in Copenhagen, defying a threat by Madrid to issue a warrant for his arrest if he leaves Belgium, where he has been in exile since a failed independence bid. Puigdemont is to take part in a debate on Catalonia at the University of Copenhagen. \/ AFP PHOTO \/ Scanpix \/ Tariq Mikkel Khan \/ Denmark OUT<\/figcaption><\/figure>\n<p>El expresidente de Catalu\u00f1a que declar\u00f3 la independecia, Carles Puigdemont,se encuentra en la capital de Dinamarca, Copenhague, y hay rumores de que pedir\u00e1n su detenci\u00f3n las pr\u00f3ximas horas.<\/p>\n<p>La fiscalia del Reino de Espa\u00f1a afirm\u00f3 que solicitar\u00e1 la activaci\u00f3n de una orden internacional de captura contra el expresidente en el caso de que finalmente viajara a Dinamarca, por lo que el viaje podr\u00eda tener repercusiones legales para el exiliado.<\/p>\n<p>Despu\u00e9s del fallido intento de declarar la independencia de Catalunya y los disturbios generados, Puidgemont se refugi\u00f3 en B\u00e9lgica durante los \u00faltimos tres meses cuando huy\u00f3 junto con cuatro consejeros de su gobierno para evitar a la Justicia espa\u00f1ola.<\/p>\n<p>Est\u00e1 acusado de los delitos de rebeli\u00f3n, secesi\u00f3n y malversaci\u00f3n de cargos p\u00fablicos, al haber encabezado el proceso secesionista en Catalu\u00f1a que termin\u00f3 con la declaraci\u00f3n unilateral de independencia el pasado 27 de octubre.<br \/>\nEl\u00a0 Tribunal Supremo que instruye la causa en su contra que proceder\u00e1 a la activaci\u00f3n de la euroorden de detenci\u00f3n y entrega.<\/p>\n<p>&nbsp;<\/p>\n","protected":false},"excerpt":{"rendered":"<p>El expresidente de Catalu\u00f1a que declar\u00f3 la independecia, Carles Puigdemont,se encuentra en la capital de Dinamarca, Copenhague, y hay rumores de que pedir\u00e1n su detenci\u00f3n las pr\u00f3ximas horas. La fiscalia del Reino de Espa\u00f1a afirm\u00f3 que solicitar\u00e1 la activaci\u00f3n de una orden internacional de captura contra el expresidente en el caso de que finalmente viajara [&hellip;]<\/p>\n","protected":false},"author":5,"featured_media":155806,"comment_status":"open","ping_status":"open","sticky":false,"template":"","format":"standard","meta":{"_stopmodifiedupdate":false,"_modified_date":"","inline_featured_image":false},"categories":[6],"tags":[],"jetpack_featured_media_url":"https:\/\/notinor.com\/jujuy\/wp-content\/uploads\/2018\/01\/puide.jpg","_links":{"self":[{"href":"https:\/\/notinor.com\/jujuy\/wp-json\/wp\/v2\/posts\/155803"}],"collection":[{"href":"https:\/\/notinor.com\/jujuy\/wp-json\/wp\/v2\/posts"}],"about":[{"href":"https:\/\/notinor.com\/jujuy\/wp-json\/wp\/v2\/types\/post"}],"author":[{"embeddable":true,"href":"https:\/\/notinor.com\/jujuy\/wp-json\/wp\/v2\/users\/5"}],"replies":[{"embeddable":true,"href":"https:\/\/notinor.com\/jujuy\/wp-json\/wp\/v2\/comments?post=155803"}],"version-history":[{"count":1,"href":"https:\/\/notinor.com\/jujuy\/wp-json\/wp\/v2\/posts\/155803\/revisions"}],"predecessor-version":[{"id":155807,"href":"https:\/\/notinor.com\/jujuy\/wp-json\/wp\/v2\/posts\/155803\/revisions\/155807"}],"wp:featuredmedia":[{"embeddable":true,"href":"https:\/\/notinor.com\/jujuy\/wp-json\/wp\/v2\/media\/155806"}],"wp:attachment":[{"href":"https:\/\/notinor.com\/jujuy\/wp-json\/wp\/v2\/media?parent=155803"}],"wp:term":[{"taxonomy":"category","embeddable":true,"href":"https:\/\/notinor.com\/jujuy\/wp-json\/wp\/v2\/categories?post=155803"},{"taxonomy":"post_tag","embeddable":true,"href":"https:\/\/notinor.com\/jujuy\/wp-json\/wp\/v2\/tags?post=155803"}],"curies":[{"name":"wp","href":"https:\/\/api.w.org\/{rel}","templated":true}]}}