{"id":155761,"date":"2018-01-22T09:20:19","date_gmt":"2018-01-22T12:20:19","guid":{"rendered":"http:\/\/notinor.com\/jujuy\/?p=155761"},"modified":"2018-01-22T01:02:37","modified_gmt":"2018-01-22T04:02:37","slug":"el-analisis-de-guillermo-barros-schelotto-tras-la-derrota-tevez-se-esta-acomodando-al-futbol-argentino-nuevamente","status":"publish","type":"post","link":"https:\/\/notinor.com\/jujuy\/el-analisis-de-guillermo-barros-schelotto-tras-la-derrota-tevez-se-esta-acomodando-al-futbol-argentino-nuevamente\/","title":{"rendered":"El an\u00e1lisis de Guillermo Barros Schelotto tras la derrota: \"Tevez se est\u00e1 acomodando al f\u00fatbol argentino nuevamente\""},"content":{"rendered":"<p><img decoding=\"async\" src=\"https:\/\/www.infobae.com\/new-resizer\/6srtnfs4R2i4MdFzY1OxahytJNA=\/600x0\/filters:quality(100)\/s3.amazonaws.com\/arc-wordpress-client-uploads\/infobae-wp\/wp-content\/uploads\/2018\/01\/21224718\/Boca-vs-River-Jugada-2.jpeg\" alt=\"(Nicol\u00e1s Aboaf)\" \/><\/p>\n<p>&nbsp;<\/p>\n<div>\n<div>\n<p>El primer\u00a0Supercl\u00e1sico\u00a0comenz\u00f3 una temporada de pura acci\u00f3n\u00a0entre\u00a0Boca\u00a0y River\u00a0que tendr\u00e1 su nuevo cap\u00edtulo el pr\u00f3ximo 14 de marzo cuando disputen la\u00a0Supercopa Argentina en C\u00f3rdoba. Luego del choque amistoso ante el\u00a0Millonario\u00a0en Mar del Plata,\u00a0Guillermo Barros Schelotto\u00a0brind\u00f3 su an\u00e1lisis sobre este enfrentamiento inicial.<\/p>\n<\/div>\n<\/div>\n<div>\n<div>\n<p>\"Nos falt\u00f3 juego. En el primer tiempo robamos la pelota, atacamos, epro nos faltaba generar la situaci\u00f3n. Presion\u00e1bamos muy bien pero no pudimos\u00a0sostener esa presi\u00f3n con el juego para da\u00f1ar a River\", advirti\u00f3 el\u00a0Mellizo.<\/p>\n<\/div>\n<\/div>\n<div>\n<div>\n<p>Al mismo tiempo dej\u00f3 su mirada sobre el bajo rendimiento de\u00a0Carlos Tevez: \"Se est\u00e1 acomodando un poco al f\u00fatbol argentino nuevamente. El roce y la lucha se tienen que acomodar. A\u00a0veces quedaba fuera de su posici\u00f3n natural. Tiene que ver mucho m\u00e1s con el tema de ir a buscar la pelota para encontrar el juego que nos faltaba, que otra cosa\".<\/p>\n<\/div>\n<\/div>\n<div>\n<div>\n<p>Si bien uno de los principales apuntados fue el arquero\u00a0Agust\u00edn Rossi\u00a0por su floja reacci\u00f3n en gol de Rafael Santos Borr\u00e9, el DT decidi\u00f3 apoyarlo:\u00a0\"No vi que haya fallado en lo individual\".<\/p>\n<p>&nbsp;<\/p>\n<p><img decoding=\"async\" src=\"https:\/\/www.infobae.com\/new-resizer\/D8SOg6uwZ0cj9-md6fbGO3wdLmM=\/600x0\/filters:quality(100)\/s3.amazonaws.com\/arc-wordpress-client-uploads\/infobae-wp\/wp-content\/uploads\/2018\/01\/21234337\/Boca-vs-River-6.jpeg\" alt=\"(Nicol\u00e1s Aboaf)\" \/><\/p>\n<p>&nbsp;<\/p>\n<div>\n<div>\n<p>El t\u00e9cnico se mostr\u00f3\u00a0pesimista al respecto\u00a0de la negociaci\u00f3n por la llegada de\u00a0Nicol\u00e1s Gait\u00e1ny expres\u00f3 su sorpresa ante una posible partida de\u00a0Cristian Pav\u00f3n\u00a0al Arsenal de Inglaterra: \"No sab\u00eda que hab\u00eda un inter\u00e9s real por Pav\u00f3n. Hay un contrato firmado y se respetar\u00e1 la cl\u00e1usula\u2026 Qu\u00e9 va a ser. No me gustar\u00eda que se vaya\".<\/p>\n<\/div>\n<\/div>\n<div>\n<div>\n<p>Sin hacer menci\u00f3n espec\u00edfica sobre el tema, confirm\u00f3 que en la siguiente semana Wilmar Barrios, Frank Fabra y\u00a0Edwin Cardon se unir\u00e1n al plantel tras el esc\u00e1ndalo judicial que afrontaron:\u00a0\"El martes arrancamos de cero todos, salvo Pablo P\u00e9rez, Gago y Benedetto,\u00a0para encarar el campeonato que estamos punteros\".<\/p>\n<\/div>\n<\/div>\n<div>\n<div>\n<p>El\u00a0Xeneize\u00a0ya est\u00e1 mentalizado en lo que ser\u00e1 el duelo contra\u00a0Col\u00f3n\u00a0del pr\u00f3ximo\u00a0s\u00e1bado 27 de enero\u00a0(desde las 21:30) en la\u00a0Bombonera\u00a0que marcar\u00e1 el reinicio de la\u00a0Superliga\u00a0que comanda con tres puntos de distancia sobre\u00a0San Lorenzo, su escolta.<\/p>\n<p>&nbsp;<\/p>\n<\/div>\n<\/div>\n<p>&nbsp;<\/p>\n<\/div>\n<\/div>\n","protected":false},"excerpt":{"rendered":"<p>&nbsp; El primer\u00a0Supercl\u00e1sico\u00a0comenz\u00f3 una temporada de pura acci\u00f3n\u00a0entre\u00a0Boca\u00a0y River\u00a0que tendr\u00e1 su nuevo cap\u00edtulo el pr\u00f3ximo 14 de marzo cuando disputen la\u00a0Supercopa Argentina en C\u00f3rdoba. Luego del choque amistoso ante el\u00a0Millonario\u00a0en Mar del Plata,\u00a0Guillermo Barros Schelotto\u00a0brind\u00f3 su an\u00e1lisis sobre este enfrentamiento inicial. \"Nos falt\u00f3 juego. En el primer tiempo robamos la pelota, atacamos, epro nos faltaba [&hellip;]<\/p>\n","protected":false},"author":1,"featured_media":155762,"comment_status":"open","ping_status":"open","sticky":false,"template":"","format":"standard","meta":{"_stopmodifiedupdate":false,"_modified_date":"","inline_featured_image":false},"categories":[7],"tags":[],"jetpack_featured_media_url":"https:\/\/notinor.com\/jujuy\/wp-content\/uploads\/2018\/01\/1-42.png","_links":{"self":[{"href":"https:\/\/notinor.com\/jujuy\/wp-json\/wp\/v2\/posts\/155761"}],"collection":[{"href":"https:\/\/notinor.com\/jujuy\/wp-json\/wp\/v2\/posts"}],"about":[{"href":"https:\/\/notinor.com\/jujuy\/wp-json\/wp\/v2\/types\/post"}],"author":[{"embeddable":true,"href":"https:\/\/notinor.com\/jujuy\/wp-json\/wp\/v2\/users\/1"}],"replies":[{"embeddable":true,"href":"https:\/\/notinor.com\/jujuy\/wp-json\/wp\/v2\/comments?post=155761"}],"version-history":[{"count":1,"href":"https:\/\/notinor.com\/jujuy\/wp-json\/wp\/v2\/posts\/155761\/revisions"}],"predecessor-version":[{"id":155763,"href":"https:\/\/notinor.com\/jujuy\/wp-json\/wp\/v2\/posts\/155761\/revisions\/155763"}],"wp:featuredmedia":[{"embeddable":true,"href":"https:\/\/notinor.com\/jujuy\/wp-json\/wp\/v2\/media\/155762"}],"wp:attachment":[{"href":"https:\/\/notinor.com\/jujuy\/wp-json\/wp\/v2\/media?parent=155761"}],"wp:term":[{"taxonomy":"category","embeddable":true,"href":"https:\/\/notinor.com\/jujuy\/wp-json\/wp\/v2\/categories?post=155761"},{"taxonomy":"post_tag","embeddable":true,"href":"https:\/\/notinor.com\/jujuy\/wp-json\/wp\/v2\/tags?post=155761"}],"curies":[{"name":"wp","href":"https:\/\/api.w.org\/{rel}","templated":true}]}}