{"id":155628,"date":"2018-01-20T21:06:36","date_gmt":"2018-01-21T00:06:36","guid":{"rendered":"http:\/\/notinor.com\/jujuy\/?p=155628"},"modified":"2018-01-20T21:10:44","modified_gmt":"2018-01-21T00:10:44","slug":"tilcara-se-prepara-para-una-noche-de-festival","status":"publish","type":"post","link":"https:\/\/notinor.com\/jujuy\/tilcara-se-prepara-para-una-noche-de-festival\/","title":{"rendered":"Tilcara se prepara para una noche de festival"},"content":{"rendered":"<p>Es atardecer del d\u00eda S\u00e1bado y Tilcara se empieza a llenar de turistas a la espera de la noche en donde se dar\u00e1 una nueva gala de actividades artisticas en el escenario Mayor Germ\u00e1n Walter Churqui Choquevilca en la Cancha Pueblo Nuevo a partir de las 22:30 hs.<\/p>\n<p><img decoding=\"async\" loading=\"lazy\" class=\"alignnone size-full wp-image-153059\" src=\"http:\/\/notinor.com\/jujuy\/wp-content\/uploads\/2018\/01\/enero-tilca2.jpg\" alt=\"\" width=\"750\" height=\"500\" \/><\/p>\n<p>A continuaci\u00f3n nombramos los grupos participantes que estar\u00e1n exponiendo su m\u00fasica el d\u00eda de hoy en el siguiente orden:<\/p>\n<p>1-\u00a0\u00a0\u00a0\u00a0\u00a0\u00a0Dario del Viento<\/p>\n<p>2-\u00a0\u00a0\u00a0\u00a0\u00a0\u00a0Walter Abalos<\/p>\n<p>3-\u00a0\u00a0\u00a0\u00a0\u00a0\u00a0Grupo Chalas<\/p>\n<p>4-\u00a0\u00a0\u00a0\u00a0\u00a0\u00a0Los Puesteros<\/p>\n<p>5-\u00a0\u00a0\u00a0\u00a0\u00a0\u00a0Turf<\/p>\n<p>6-\u00a0\u00a0\u00a0\u00a0\u00a0\u00a0Marcela Morelo<\/p>\n<p>7-\u00a0\u00a0\u00a0\u00a0\u00a0\u00a0Canto 4<\/p>\n<p>8-\u00a0\u00a0\u00a0\u00a0\u00a0\u00a0Cuervos del Malambo<\/p>\n<p>9-R\u00edo San Juan<\/p>\n","protected":false},"excerpt":{"rendered":"<p>Es atardecer del d\u00eda S\u00e1bado y Tilcara se empieza a llenar de turistas a la espera de la noche en donde se dar\u00e1 una nueva gala de actividades artisticas en el escenario Mayor Germ\u00e1n Walter Churqui Choquevilca en la Cancha Pueblo Nuevo a partir de las 22:30 hs. A continuaci\u00f3n nombramos los grupos participantes que [&hellip;]<\/p>\n","protected":false},"author":1,"featured_media":153059,"comment_status":"open","ping_status":"open","sticky":false,"template":"","format":"standard","meta":{"_stopmodifiedupdate":false,"_modified_date":"","inline_featured_image":false},"categories":[4],"tags":[],"jetpack_featured_media_url":"https:\/\/notinor.com\/jujuy\/wp-content\/uploads\/2018\/01\/enero-tilca2.jpg","_links":{"self":[{"href":"https:\/\/notinor.com\/jujuy\/wp-json\/wp\/v2\/posts\/155628"}],"collection":[{"href":"https:\/\/notinor.com\/jujuy\/wp-json\/wp\/v2\/posts"}],"about":[{"href":"https:\/\/notinor.com\/jujuy\/wp-json\/wp\/v2\/types\/post"}],"author":[{"embeddable":true,"href":"https:\/\/notinor.com\/jujuy\/wp-json\/wp\/v2\/users\/1"}],"replies":[{"embeddable":true,"href":"https:\/\/notinor.com\/jujuy\/wp-json\/wp\/v2\/comments?post=155628"}],"version-history":[{"count":3,"href":"https:\/\/notinor.com\/jujuy\/wp-json\/wp\/v2\/posts\/155628\/revisions"}],"predecessor-version":[{"id":155631,"href":"https:\/\/notinor.com\/jujuy\/wp-json\/wp\/v2\/posts\/155628\/revisions\/155631"}],"wp:featuredmedia":[{"embeddable":true,"href":"https:\/\/notinor.com\/jujuy\/wp-json\/wp\/v2\/media\/153059"}],"wp:attachment":[{"href":"https:\/\/notinor.com\/jujuy\/wp-json\/wp\/v2\/media?parent=155628"}],"wp:term":[{"taxonomy":"category","embeddable":true,"href":"https:\/\/notinor.com\/jujuy\/wp-json\/wp\/v2\/categories?post=155628"},{"taxonomy":"post_tag","embeddable":true,"href":"https:\/\/notinor.com\/jujuy\/wp-json\/wp\/v2\/tags?post=155628"}],"curies":[{"name":"wp","href":"https:\/\/api.w.org\/{rel}","templated":true}]}}