{"id":155623,"date":"2018-01-20T16:19:49","date_gmt":"2018-01-20T19:19:49","guid":{"rendered":"http:\/\/notinor.com\/jujuy\/?p=155623"},"modified":"2018-01-20T20:41:37","modified_gmt":"2018-01-20T23:41:37","slug":"asistencia-material-para-familias-en-santa-clara","status":"publish","type":"post","link":"https:\/\/notinor.com\/jujuy\/asistencia-material-para-familias-en-santa-clara\/","title":{"rendered":"Asistencia material para familias en Santa Clara"},"content":{"rendered":"<div class=\"post-content\">\n<p><img decoding=\"async\" loading=\"lazy\" class=\"alignnone size-medium wp-image-155624\" src=\"http:\/\/notinor.com\/jujuy\/wp-content\/uploads\/2018\/01\/COLCHON-487x365.jpg\" alt=\"\" width=\"487\" height=\"365\" srcset=\"https:\/\/notinor.com\/jujuy\/wp-content\/uploads\/2018\/01\/COLCHON-487x365.jpg 487w, https:\/\/notinor.com\/jujuy\/wp-content\/uploads\/2018\/01\/COLCHON-768x576.jpg 768w, https:\/\/notinor.com\/jujuy\/wp-content\/uploads\/2018\/01\/COLCHON-640x480.jpg 640w, https:\/\/notinor.com\/jujuy\/wp-content\/uploads\/2018\/01\/COLCHON.jpg 1024w\" sizes=\"(max-width: 487px) 100vw, 487px\" \/><br \/>\nAl respecto, el Director de Asistencia Directa y Emergencias, Eduardo C\u00e1ceres, subray\u00f3 que no se tuvo que lamentar la p\u00e9rdida de vidas humanas y se asisti\u00f3 a los vecinos con materiales de primera necesidad como camas, cuchetas, colchones, frazadas, mercader\u00eda y agua envasada para el consumo.<\/p>\n<p>Respuesta inmediata: luego de intervenir en la etapa posterior a los siniestros, por lo que una vez conocidos los hechos, los profesionales en trabajo social realizaron la evaluaci\u00f3n de las situaciones en general, para luego elaborar el informe socioecon\u00f3mico de las familias afectadas y brindarles lo necesario<\/p>\n<p>C\u00e1ceres remarc\u00f3 que es importante hacer un nuevo llamado a la reflexi\u00f3n de la comunidad en general, para que tengan la precauci\u00f3n de revisar las instalaciones el\u00e9ctricas en los domicilios, especialmente aquellas que no se encuentran bien instaladas. Adem\u00e1s, solicit\u00f3 no sobrecargar los enchufes, no dejar los cargadores de celulares conectados, y revisar las conexiones de gas, estufas y otros artefactos.<\/p>\n<p>En este sentido, resalt\u00f3 que tambi\u00e9n hay que tener cuidado en el manejo de braseros, estufas, hornallas, hornos, velas, f\u00f3sforos, planchas, encendedores y otros elementos de llama libre interior de las viviendas, a los que no se debe dejar desatendidos. Adem\u00e1s, los ni\u00f1os no deben quedar solos en las casas con el fin de preservar su seguridad, su vida y de toda la familia.<\/p>\n<p>Finalmente, C\u00e1ceres manifest\u00f3 que este tipo de fallas son las principales razones por las cuales se producen este tipo de siniestros, que ocasionan serios perjuicios materiales, econ\u00f3micos a las familias y hasta pueden provocar p\u00e9rdidas de vidas humanas.<\/p>\n<\/div>\n<div class=\"container-inner\">\n<div class=\"row\">\n<div class=\"span12\"><\/div>\n<\/div>\n<\/div>\n","protected":false},"excerpt":{"rendered":"<p>Al respecto, el Director de Asistencia Directa y Emergencias, Eduardo C\u00e1ceres, subray\u00f3 que no se tuvo que lamentar la p\u00e9rdida de vidas humanas y se asisti\u00f3 a los vecinos con materiales de primera necesidad como camas, cuchetas, colchones, frazadas, mercader\u00eda y agua envasada para el consumo. Respuesta inmediata: luego de intervenir en la etapa posterior [&hellip;]<\/p>\n","protected":false},"author":5,"featured_media":155624,"comment_status":"open","ping_status":"open","sticky":false,"template":"","format":"standard","meta":{"_stopmodifiedupdate":false,"_modified_date":"","inline_featured_image":false},"categories":[4],"tags":[],"jetpack_featured_media_url":"https:\/\/notinor.com\/jujuy\/wp-content\/uploads\/2018\/01\/COLCHON.jpg","_links":{"self":[{"href":"https:\/\/notinor.com\/jujuy\/wp-json\/wp\/v2\/posts\/155623"}],"collection":[{"href":"https:\/\/notinor.com\/jujuy\/wp-json\/wp\/v2\/posts"}],"about":[{"href":"https:\/\/notinor.com\/jujuy\/wp-json\/wp\/v2\/types\/post"}],"author":[{"embeddable":true,"href":"https:\/\/notinor.com\/jujuy\/wp-json\/wp\/v2\/users\/5"}],"replies":[{"embeddable":true,"href":"https:\/\/notinor.com\/jujuy\/wp-json\/wp\/v2\/comments?post=155623"}],"version-history":[{"count":1,"href":"https:\/\/notinor.com\/jujuy\/wp-json\/wp\/v2\/posts\/155623\/revisions"}],"predecessor-version":[{"id":155625,"href":"https:\/\/notinor.com\/jujuy\/wp-json\/wp\/v2\/posts\/155623\/revisions\/155625"}],"wp:featuredmedia":[{"embeddable":true,"href":"https:\/\/notinor.com\/jujuy\/wp-json\/wp\/v2\/media\/155624"}],"wp:attachment":[{"href":"https:\/\/notinor.com\/jujuy\/wp-json\/wp\/v2\/media?parent=155623"}],"wp:term":[{"taxonomy":"category","embeddable":true,"href":"https:\/\/notinor.com\/jujuy\/wp-json\/wp\/v2\/categories?post=155623"},{"taxonomy":"post_tag","embeddable":true,"href":"https:\/\/notinor.com\/jujuy\/wp-json\/wp\/v2\/tags?post=155623"}],"curies":[{"name":"wp","href":"https:\/\/api.w.org\/{rel}","templated":true}]}}