{"id":155620,"date":"2018-01-20T17:14:32","date_gmt":"2018-01-20T20:14:32","guid":{"rendered":"http:\/\/notinor.com\/jujuy\/?p=155620"},"modified":"2018-01-20T17:14:32","modified_gmt":"2018-01-20T20:14:32","slug":"gerardo-morales-promociono-la-provincia-de-jujuy-en-madrid","status":"publish","type":"post","link":"https:\/\/notinor.com\/jujuy\/gerardo-morales-promociono-la-provincia-de-jujuy-en-madrid\/","title":{"rendered":"Gerardo Morales promocion\u00f3 la provincia de Jujuy en Madrid"},"content":{"rendered":"<p><span lang=\"ES-TRAD\"><img decoding=\"async\" loading=\"lazy\" class=\"alignnone size-medium wp-image-155621\" src=\"http:\/\/notinor.com\/jujuy\/wp-content\/uploads\/2018\/01\/gerardo-487x365.jpeg\" alt=\"\" width=\"487\" height=\"365\" srcset=\"https:\/\/notinor.com\/jujuy\/wp-content\/uploads\/2018\/01\/gerardo-487x365.jpeg 487w, https:\/\/notinor.com\/jujuy\/wp-content\/uploads\/2018\/01\/gerardo-640x480.jpeg 640w, https:\/\/notinor.com\/jujuy\/wp-content\/uploads\/2018\/01\/gerardo.jpeg 720w\" sizes=\"(max-width: 487px) 100vw, 487px\" \/><br \/>\nFITUR es una de las ferias de turismo m\u00e1s importantes del mundo de habla hispana. Convoca a expertos del sector \u00e1vidos de nuevos destinos, experiencias y rutas de productos.<\/span><\/p>\n<p class=\"yiv4662290048gmail-Prrafobsico\"><span lang=\"ES-TRAD\">La provincia de Jujuy recibi\u00f3 un reconocimiento del Ministerio de Turismo de Naci\u00f3n, por ser elegida por National Geographic como segundo mejor destino del mundo para visitar en el 2018.<\/span><\/p>\n<p class=\"yiv4662290048gmail-Prrafobsico\"><span lang=\"ES-TRAD\">En el marco de esta feria internacional, la delegaci\u00f3n juje\u00f1a mantuvo diversos encuentros, entre otros, una reuni\u00f3n con los representantes de Huttopia &amp; Cie, inversores hoteleros con alcance internacional que prometieron visitar la provincia<br \/>\n<\/span><\/p>\n<p>El Gobernador se refiri\u00f3 al potencial tur\u00edstico de la provincia al afirmar que Jujuy es un destino que no tiene techo y que tras las pol\u00edticas implementadas actualmente, pronto Jujuy se transformar\u00e1 en una \"provincia verde\" por los diversos proyectos de energ\u00edas renovables que se llevan adelante<\/p>\n<p><span lang=\"ES-TRAD\">. \u201cCelebramos el crecimiento del n\u00famero de vuelos que unen a Jujuy con las principales ciudades de la Argentina y con San Pablo en Brasil. As\u00ed como la proyecci\u00f3n de la ruta del vino de altura y las propuestas de turismo rural comunitario que llevan adelante las comunidades ind\u00edgenas\u201d, detall\u00f3 Morales.<\/span><\/p>\n<p class=\"yiv4662290048gmail-Prrafobsico\"><span lang=\"ES-TRAD\">Por su parte, Posadas destac\u00f3 de Jujuy la diversidad de paisajes y la riqueza cultural: \u201ctiene todo lo necesario para que la estad\u00eda sea inolvidable. Sin recorrer grandes distancias es posible encontrar cerros multicolores, salares, desiertos de altura, selvas pedemontanas, reservas de biosfera, parques nacionales, sitios arqueol\u00f3gicos, una singular gastronom\u00eda, variadas actividades al aire libre y una atractiva oferta hotelera\u201d.<\/span><\/p>\n<p class=\"yiv4662290048gmail-Prrafobsico\"><span lang=\"ES-TRAD\">El Turismo representa el 6,9% del Producto Geogr\u00e1fico Provincial y emplea m\u00e1s de veinte mil personas.<\/span><\/p>\n<p class=\"yiv4662290048gmail-Prrafobsico\">\n<p class=\"yiv4662290048gmail-Prrafobsico\"><span lang=\"ES-TRAD\">Por su autenticidad y calidez; por su ubicaci\u00f3n estrat\u00e9gica en el coraz\u00f3n de Sudam\u00e9rica; por su clima agradable o porque en pocos kil\u00f3metros se pueden conocer paisajes de gran diversidad, Jujuy es -como lo dice NatGeo- un destino imperdible.<\/span><\/p>\n<p><span lang=\"ES-TRAD\">\u00a0<\/span><\/p>\n","protected":false},"excerpt":{"rendered":"<p>FITUR es una de las ferias de turismo m\u00e1s importantes del mundo de habla hispana. Convoca a expertos del sector \u00e1vidos de nuevos destinos, experiencias y rutas de productos. La provincia de Jujuy recibi\u00f3 un reconocimiento del Ministerio de Turismo de Naci\u00f3n, por ser elegida por National Geographic como segundo mejor destino del mundo para [&hellip;]<\/p>\n","protected":false},"author":5,"featured_media":155621,"comment_status":"open","ping_status":"open","sticky":false,"template":"","format":"standard","meta":{"_stopmodifiedupdate":false,"_modified_date":"","inline_featured_image":false},"categories":[2],"tags":[],"jetpack_featured_media_url":"https:\/\/notinor.com\/jujuy\/wp-content\/uploads\/2018\/01\/gerardo.jpeg","_links":{"self":[{"href":"https:\/\/notinor.com\/jujuy\/wp-json\/wp\/v2\/posts\/155620"}],"collection":[{"href":"https:\/\/notinor.com\/jujuy\/wp-json\/wp\/v2\/posts"}],"about":[{"href":"https:\/\/notinor.com\/jujuy\/wp-json\/wp\/v2\/types\/post"}],"author":[{"embeddable":true,"href":"https:\/\/notinor.com\/jujuy\/wp-json\/wp\/v2\/users\/5"}],"replies":[{"embeddable":true,"href":"https:\/\/notinor.com\/jujuy\/wp-json\/wp\/v2\/comments?post=155620"}],"version-history":[{"count":1,"href":"https:\/\/notinor.com\/jujuy\/wp-json\/wp\/v2\/posts\/155620\/revisions"}],"predecessor-version":[{"id":155622,"href":"https:\/\/notinor.com\/jujuy\/wp-json\/wp\/v2\/posts\/155620\/revisions\/155622"}],"wp:featuredmedia":[{"embeddable":true,"href":"https:\/\/notinor.com\/jujuy\/wp-json\/wp\/v2\/media\/155621"}],"wp:attachment":[{"href":"https:\/\/notinor.com\/jujuy\/wp-json\/wp\/v2\/media?parent=155620"}],"wp:term":[{"taxonomy":"category","embeddable":true,"href":"https:\/\/notinor.com\/jujuy\/wp-json\/wp\/v2\/categories?post=155620"},{"taxonomy":"post_tag","embeddable":true,"href":"https:\/\/notinor.com\/jujuy\/wp-json\/wp\/v2\/tags?post=155620"}],"curies":[{"name":"wp","href":"https:\/\/api.w.org\/{rel}","templated":true}]}}