{"id":155611,"date":"2018-01-20T16:38:42","date_gmt":"2018-01-20T19:38:42","guid":{"rendered":"http:\/\/notinor.com\/jujuy\/?p=155611"},"modified":"2018-01-20T16:38:58","modified_gmt":"2018-01-20T19:38:58","slug":"ataque-terrorista-en-afganistan","status":"publish","type":"post","link":"https:\/\/notinor.com\/jujuy\/ataque-terrorista-en-afganistan\/","title":{"rendered":"Ataque terrorista en Afganist\u00e1n"},"content":{"rendered":"<p><img decoding=\"async\" loading=\"lazy\" class=\"alignnone size-medium wp-image-155615\" src=\"http:\/\/notinor.com\/jujuy\/wp-content\/uploads\/2018\/01\/ATENTADO-1-660x341.jpg\" alt=\"\" width=\"660\" height=\"341\" srcset=\"https:\/\/notinor.com\/jujuy\/wp-content\/uploads\/2018\/01\/ATENTADO-1-660x341.jpg 660w, https:\/\/notinor.com\/jujuy\/wp-content\/uploads\/2018\/01\/ATENTADO-1-768x397.jpg 768w, https:\/\/notinor.com\/jujuy\/wp-content\/uploads\/2018\/01\/ATENTADO-1-840x435.jpg 840w, https:\/\/notinor.com\/jujuy\/wp-content\/uploads\/2018\/01\/ATENTADO-1.jpg 1960w\" sizes=\"(max-width: 660px) 100vw, 660px\" \/><br \/>\nUn grupo de tres o cuatro hombres armados han atacado el Hotel Intercontinental de Kabul. Hermetismo: por el momento no se conozca si se han producido v\u00edctimas, seg\u00fan inform\u00f3 un portavoz del ministro del Interior afgano. En estos momentos se est\u00e1 produciendo un tiroteo entre los atacantes y las fuerzas de seguridad en este gran establecimiento de lujo de la capital de Afganist\u00e1n, muy frecuentado por extranjeros.<\/p>\n<p>Fuerzas especiales intentan hacerse con el control de la situaci\u00f3n y han acordonado la zona, seg\u00fan el portavoz Najib Danish. \u201cEl Hotel Intercontinental est\u00e1 bajo un ataque terrorista\u201d, afirm\u00f3 la fuente, sin ofrecer m\u00e1s detalles. Medios locales informan de que los atacantes habr\u00edan tomado rehenes.<\/p>\n","protected":false},"excerpt":{"rendered":"<p>Un grupo de tres o cuatro hombres armados han atacado el Hotel Intercontinental de Kabul. Hermetismo: por el momento no se conozca si se han producido v\u00edctimas, seg\u00fan inform\u00f3 un portavoz del ministro del Interior afgano. En estos momentos se est\u00e1 produciendo un tiroteo entre los atacantes y las fuerzas de seguridad en este gran [&hellip;]<\/p>\n","protected":false},"author":5,"featured_media":155615,"comment_status":"open","ping_status":"open","sticky":false,"template":"","format":"standard","meta":{"_stopmodifiedupdate":false,"_modified_date":"","inline_featured_image":false},"categories":[6],"tags":[],"jetpack_featured_media_url":"https:\/\/notinor.com\/jujuy\/wp-content\/uploads\/2018\/01\/ATENTADO-1.jpg","_links":{"self":[{"href":"https:\/\/notinor.com\/jujuy\/wp-json\/wp\/v2\/posts\/155611"}],"collection":[{"href":"https:\/\/notinor.com\/jujuy\/wp-json\/wp\/v2\/posts"}],"about":[{"href":"https:\/\/notinor.com\/jujuy\/wp-json\/wp\/v2\/types\/post"}],"author":[{"embeddable":true,"href":"https:\/\/notinor.com\/jujuy\/wp-json\/wp\/v2\/users\/5"}],"replies":[{"embeddable":true,"href":"https:\/\/notinor.com\/jujuy\/wp-json\/wp\/v2\/comments?post=155611"}],"version-history":[{"count":1,"href":"https:\/\/notinor.com\/jujuy\/wp-json\/wp\/v2\/posts\/155611\/revisions"}],"predecessor-version":[{"id":155616,"href":"https:\/\/notinor.com\/jujuy\/wp-json\/wp\/v2\/posts\/155611\/revisions\/155616"}],"wp:featuredmedia":[{"embeddable":true,"href":"https:\/\/notinor.com\/jujuy\/wp-json\/wp\/v2\/media\/155615"}],"wp:attachment":[{"href":"https:\/\/notinor.com\/jujuy\/wp-json\/wp\/v2\/media?parent=155611"}],"wp:term":[{"taxonomy":"category","embeddable":true,"href":"https:\/\/notinor.com\/jujuy\/wp-json\/wp\/v2\/categories?post=155611"},{"taxonomy":"post_tag","embeddable":true,"href":"https:\/\/notinor.com\/jujuy\/wp-json\/wp\/v2\/tags?post=155611"}],"curies":[{"name":"wp","href":"https:\/\/api.w.org\/{rel}","templated":true}]}}