{"id":155610,"date":"2018-01-20T16:33:35","date_gmt":"2018-01-20T19:33:35","guid":{"rendered":"http:\/\/notinor.com\/jujuy\/?p=155610"},"modified":"2018-01-20T16:33:35","modified_gmt":"2018-01-20T19:33:35","slug":"la-primera-ciudad-del-mundo-que-quedara-sin-agua","status":"publish","type":"post","link":"https:\/\/notinor.com\/jujuy\/la-primera-ciudad-del-mundo-que-quedara-sin-agua\/","title":{"rendered":"La primera ciudad del Mundo que quedar\u00e1 sin agua"},"content":{"rendered":"<header class=\"detail-header \"><\/header>\n<div class=\"detail-body news-content \">\n<div class=\"gallery-container\">\n<div id=\"content-gallery\">\n<div id=\"fotogaleria-Object_87_76\" class=\"gallery\">\n<div class=\"clearfix\">\u00a0<img decoding=\"async\" loading=\"lazy\" class=\"alignnone size-medium wp-image-155612\" src=\"http:\/\/notinor.com\/jujuy\/wp-content\/uploads\/2018\/01\/sequia-554x365.jpg\" alt=\"\" width=\"554\" height=\"365\" srcset=\"https:\/\/notinor.com\/jujuy\/wp-content\/uploads\/2018\/01\/sequia-554x365.jpg 554w, https:\/\/notinor.com\/jujuy\/wp-content\/uploads\/2018\/01\/sequia-768x506.jpg 768w, https:\/\/notinor.com\/jujuy\/wp-content\/uploads\/2018\/01\/sequia-728x480.jpg 728w, https:\/\/notinor.com\/jujuy\/wp-content\/uploads\/2018\/01\/sequia.jpg 821w\" sizes=\"(max-width: 554px) 100vw, 554px\" \/><\/div>\n<\/div>\n<\/div>\n<\/div>\n<div class=\"news-body\">\n<div class=\"news-paragraph\">\n<p>Faltan menos de 100 d\u00edas para que la capital legislativa de Sud\u00e1frica, Ciudad del Cabo, se quede sin agua a causa de una sequ\u00eda que dura ya tres a\u00f1os, seg\u00fan la revista Time.<\/p>\n<p>La sequ\u00eda en el \u00e1rea alrededor de la ciudad ha dejado casi vac\u00edas las presas de las que se abastece, que han registrado niveles m\u00ednimos hist\u00f3ricos.<\/p>\n<p>Expertos calcularon que aproximadamente el 21 de Abril ser\u00e1 el d\u00eda \"cero\", cuando se agoten todos los suministros del vital elemento.<\/p>\n<p>Cuando llegue el fat\u00eddico d\u00eda se cortar\u00e1 el suministro de agua en toda la ciudad, excepto en lugares clave como hospitales, as\u00ed como en los barrios m\u00e1s pobres y necesitados.<\/p>\n<p>Los habitantes de Ciudad del Cabo deber\u00e1n abastecerse de agua en alguno de los 200 puntos de suministro repartidos por toda la ciudad, que estar\u00e1n custodiados por guardias armados para garantizar que se mantiene el orden.<\/p>\n<\/div>\n<\/div>\n<\/div>\n","protected":false},"excerpt":{"rendered":"<p>\u00a0 Faltan menos de 100 d\u00edas para que la capital legislativa de Sud\u00e1frica, Ciudad del Cabo, se quede sin agua a causa de una sequ\u00eda que dura ya tres a\u00f1os, seg\u00fan la revista Time. La sequ\u00eda en el \u00e1rea alrededor de la ciudad ha dejado casi vac\u00edas las presas de las que se abastece, que [&hellip;]<\/p>\n","protected":false},"author":5,"featured_media":155612,"comment_status":"open","ping_status":"open","sticky":false,"template":"","format":"standard","meta":{"_stopmodifiedupdate":false,"_modified_date":"","inline_featured_image":false},"categories":[6],"tags":[],"jetpack_featured_media_url":"https:\/\/notinor.com\/jujuy\/wp-content\/uploads\/2018\/01\/sequia.jpg","_links":{"self":[{"href":"https:\/\/notinor.com\/jujuy\/wp-json\/wp\/v2\/posts\/155610"}],"collection":[{"href":"https:\/\/notinor.com\/jujuy\/wp-json\/wp\/v2\/posts"}],"about":[{"href":"https:\/\/notinor.com\/jujuy\/wp-json\/wp\/v2\/types\/post"}],"author":[{"embeddable":true,"href":"https:\/\/notinor.com\/jujuy\/wp-json\/wp\/v2\/users\/5"}],"replies":[{"embeddable":true,"href":"https:\/\/notinor.com\/jujuy\/wp-json\/wp\/v2\/comments?post=155610"}],"version-history":[{"count":1,"href":"https:\/\/notinor.com\/jujuy\/wp-json\/wp\/v2\/posts\/155610\/revisions"}],"predecessor-version":[{"id":155613,"href":"https:\/\/notinor.com\/jujuy\/wp-json\/wp\/v2\/posts\/155610\/revisions\/155613"}],"wp:featuredmedia":[{"embeddable":true,"href":"https:\/\/notinor.com\/jujuy\/wp-json\/wp\/v2\/media\/155612"}],"wp:attachment":[{"href":"https:\/\/notinor.com\/jujuy\/wp-json\/wp\/v2\/media?parent=155610"}],"wp:term":[{"taxonomy":"category","embeddable":true,"href":"https:\/\/notinor.com\/jujuy\/wp-json\/wp\/v2\/categories?post=155610"},{"taxonomy":"post_tag","embeddable":true,"href":"https:\/\/notinor.com\/jujuy\/wp-json\/wp\/v2\/tags?post=155610"}],"curies":[{"name":"wp","href":"https:\/\/api.w.org\/{rel}","templated":true}]}}