{"id":155595,"date":"2018-01-20T15:12:43","date_gmt":"2018-01-20T18:12:43","guid":{"rendered":"http:\/\/notinor.com\/jujuy\/?p=155595"},"modified":"2018-01-20T15:12:43","modified_gmt":"2018-01-20T18:12:43","slug":"motochorros-armados-con-armas-blancas-asaltan-y-roban-a-policia","status":"publish","type":"post","link":"https:\/\/notinor.com\/jujuy\/motochorros-armados-con-armas-blancas-asaltan-y-roban-a-policia\/","title":{"rendered":"Motochorros armados con armas blancas asaltan y roban a polic\u00eda"},"content":{"rendered":"<p><img decoding=\"async\" loading=\"lazy\" class=\"alignnone size-medium wp-image-155596\" src=\"http:\/\/notinor.com\/jujuy\/wp-content\/uploads\/2018\/01\/armareglamentaria-536x365.jpg\" alt=\"\" width=\"536\" height=\"365\" srcset=\"https:\/\/notinor.com\/jujuy\/wp-content\/uploads\/2018\/01\/armareglamentaria-536x365.jpg 536w, https:\/\/notinor.com\/jujuy\/wp-content\/uploads\/2018\/01\/armareglamentaria-768x523.jpg 768w, https:\/\/notinor.com\/jujuy\/wp-content\/uploads\/2018\/01\/armareglamentaria-705x480.jpg 705w, https:\/\/notinor.com\/jujuy\/wp-content\/uploads\/2018\/01\/armareglamentaria.jpg 955w\" sizes=\"(max-width: 536px) 100vw, 536px\" \/><br \/>\nEl violento hecho ocurri\u00f3 durante la noche del viernes cuando motochorros armados con armas blancas emboscaron a un efectivo policial que se dirig\u00eda hacia un operativo en el barrio Chijra. Fue agredido y herido por los asaltantes que se llevaron su arma reglamentaria.<\/p>\n<p>La denuncia fue efectuada en la seccional 3era del barrio Chijra. La Comisario Raquel Miranda explic\u00f3 que ahora la Brigada de Investigaciones, se est\u00e1 haciendo cargo de la identificaci\u00f3n y b\u00fasqueda de estos criminales.<\/p>\n<p>\"En una de intersecci\u00f3n del barrio el polic\u00eda fue interceptado por dos motociclistas con arma blanca, con intenciones de robo. En el forcejeo le sustraen el arma reglamentaria y el polic\u00eda presenta lesiones en las manos y piernas producto de esta arma blanca\".<\/p>\n","protected":false},"excerpt":{"rendered":"<p>El violento hecho ocurri\u00f3 durante la noche del viernes cuando motochorros armados con armas blancas emboscaron a un efectivo policial que se dirig\u00eda hacia un operativo en el barrio Chijra. Fue agredido y herido por los asaltantes que se llevaron su arma reglamentaria. La denuncia fue efectuada en la seccional 3era del barrio Chijra. La [&hellip;]<\/p>\n","protected":false},"author":5,"featured_media":155596,"comment_status":"open","ping_status":"open","sticky":false,"template":"","format":"standard","meta":{"_stopmodifiedupdate":false,"_modified_date":"","inline_featured_image":false,"spay_email":"","jetpack_publicize_message":""},"categories":[3],"tags":[],"jetpack_featured_media_url":"https:\/\/notinor.com\/jujuy\/wp-content\/uploads\/2018\/01\/armareglamentaria.jpg","jetpack_publicize_connections":[],"_links":{"self":[{"href":"https:\/\/notinor.com\/jujuy\/wp-json\/wp\/v2\/posts\/155595"}],"collection":[{"href":"https:\/\/notinor.com\/jujuy\/wp-json\/wp\/v2\/posts"}],"about":[{"href":"https:\/\/notinor.com\/jujuy\/wp-json\/wp\/v2\/types\/post"}],"author":[{"embeddable":true,"href":"https:\/\/notinor.com\/jujuy\/wp-json\/wp\/v2\/users\/5"}],"replies":[{"embeddable":true,"href":"https:\/\/notinor.com\/jujuy\/wp-json\/wp\/v2\/comments?post=155595"}],"version-history":[{"count":1,"href":"https:\/\/notinor.com\/jujuy\/wp-json\/wp\/v2\/posts\/155595\/revisions"}],"predecessor-version":[{"id":155597,"href":"https:\/\/notinor.com\/jujuy\/wp-json\/wp\/v2\/posts\/155595\/revisions\/155597"}],"wp:featuredmedia":[{"embeddable":true,"href":"https:\/\/notinor.com\/jujuy\/wp-json\/wp\/v2\/media\/155596"}],"wp:attachment":[{"href":"https:\/\/notinor.com\/jujuy\/wp-json\/wp\/v2\/media?parent=155595"}],"wp:term":[{"taxonomy":"category","embeddable":true,"href":"https:\/\/notinor.com\/jujuy\/wp-json\/wp\/v2\/categories?post=155595"},{"taxonomy":"post_tag","embeddable":true,"href":"https:\/\/notinor.com\/jujuy\/wp-json\/wp\/v2\/tags?post=155595"}],"curies":[{"name":"wp","href":"https:\/\/api.w.org\/{rel}","templated":true}]}}