{"id":155583,"date":"2018-01-20T13:33:25","date_gmt":"2018-01-20T16:33:25","guid":{"rendered":"http:\/\/notinor.com\/jujuy\/?p=155583"},"modified":"2018-01-20T13:33:34","modified_gmt":"2018-01-20T16:33:34","slug":"quedo-inaugurado-el-primer-mini-gym-de-la-ciudad","status":"publish","type":"post","link":"https:\/\/notinor.com\/jujuy\/quedo-inaugurado-el-primer-mini-gym-de-la-ciudad\/","title":{"rendered":"Qued\u00f3 inaugurado el primer mini-gym de la ciudad"},"content":{"rendered":"<p><img decoding=\"async\" loading=\"lazy\" class=\"alignnone size-medium wp-image-155584\" src=\"http:\/\/notinor.com\/jujuy\/wp-content\/uploads\/2018\/01\/CHULI-MINI-GYM-551x365.jpg\" alt=\"\" width=\"551\" height=\"365\" srcset=\"https:\/\/notinor.com\/jujuy\/wp-content\/uploads\/2018\/01\/CHULI-MINI-GYM-551x365.jpg 551w, https:\/\/notinor.com\/jujuy\/wp-content\/uploads\/2018\/01\/CHULI-MINI-GYM-768x509.jpg 768w, https:\/\/notinor.com\/jujuy\/wp-content\/uploads\/2018\/01\/CHULI-MINI-GYM-725x480.jpg 725w, https:\/\/notinor.com\/jujuy\/wp-content\/uploads\/2018\/01\/CHULI-MINI-GYM-400x266.jpg 400w, https:\/\/notinor.com\/jujuy\/wp-content\/uploads\/2018\/01\/CHULI-MINI-GYM.jpg 800w\" sizes=\"(max-width: 551px) 100vw, 551px\" \/><\/p>\n<p>Con el fin de seguir creando espacios tendientes a compartir momentos en familia, seguros y amenos; y a su vez promover h\u00e1bitos saludables, se puso en funcionamiento el primer Mini Gym en el sector 1 del Parque san Martin junto al gimnasio urbano que hace a\u00f1os ya disfrutan los vecinos de la ciudad.<\/p>\n<p>El intendente \"Chuli\" Jorge invit\u00f3 a toda la familia al primer Gimnasio Urbano para los ni\u00f1os que fue puesto en funcionamiento en el querido parque. Junto al Secretario de Obras P\u00fablicas, Aldo Montiel; Secretario de Servicios P\u00fablicos, Guillermo Marenco; la Directora de Deporte y Recreaci\u00f3n, \"Kitty\" Conde y ni\u00f1os de la colonia del parque, este espacio pone a la municipalidad como la 3\u00aa del pa\u00eds en incorporar estos equipos y realizar un trabajo puntual contra la obesidad infantil.<\/p>\n<p>En este sentido, \"Chuli\" Jorge defini\u00f3 esta puesta como \"un desaf\u00edo del municipio al mantener todos los espacios logrados; mejor\u00e1ndolos y expandir las propuestas municipales hacia toda la familia juje\u00f1a\".<\/p>\n<p>El primer Mini Gym se suma a los 33 gimnasios urbanos para adultos distribuidos en toda la ciudad, donde el secretario de Obras P\u00fablicas Aldo Montiel detall\u00f3; \"Las maquinas son exactamente iguales a los gimnasios para adultos. Est\u00e1n aptas para los m\u00e1s peque\u00f1os y el objetivo es que venga la familia, para que trabajen junto a la Direcci\u00f3n de Deportes\"<\/p>\n<p>La obra en el Centro Deportivo Municipal N\u00ba1 se complement\u00f3 con las caminer\u00edas y conexiones entre la av. Espa\u00f1a con av. C\u00f3rdoba, adem\u00e1s de una moderna iluminaci\u00f3n LED, que dotar\u00e1 de mayor seguridad creando un ambiente apto para ser disfrutado la mayor cantidad de horas posibles.<\/p>\n<p>El Gimnasio Urbano ubicado estrat\u00e9gicamente en el coraz\u00f3n del Parque San Mart\u00edn tiene una demanda extrema ya que la luminaria LED, instalada recientemente en el parque y las avenidas sum\u00f3 m\u00e1s adeptos al deporte.<\/p>\n<p>En este sentido, el Secretario de Servicios P\u00fablicos, Guillermo Marenco asever\u00f3 que la puesta del Mini Gym se complementa con el PLAE (Plan de Alumbrado Eficiente) implementado desde octubre de 2017 en distintos sectores de la ciudad. \"El vecino se ha apropiado de estos lugares por lo que les brindamos m\u00e1s opciones, no es solo iluminar los espacios, sino hacerlos amenos para el vecino y de esta forma incrementar el deporte en los distintos horarios\".<\/p>\n<p>La gran apuesta del municipio tiene por objetivo sumar m\u00e1s adeptos infantiles y se acopla al programa de la Direcci\u00f3n de Deportes para una buena nutrici\u00f3n y recreaci\u00f3n para los m\u00e1s peque\u00f1os.<\/p>\n<p>El MiniGym se suma al trabajo que se viene realizando desde la municipalidad en general y la Direcci\u00f3n de Deportes y Recreaci\u00f3n en particular, con esta movida de sociabilizar e incorporar en los vecinos h\u00e1bitos saludables y deportivos en la ni\u00f1ez. \"apostamos a momentos en familia, queremos que los chicos disfruten al aire libre y que tambi\u00e9n se ejerciten. Vemos mucho a los chicos sentados en la pc o con los celulares y nuestro objetivo es que venga toda la familia a ejercitarse\", enfatiz\u00f3 la Directora Conde.<\/p>\n","protected":false},"excerpt":{"rendered":"<p>Con el fin de seguir creando espacios tendientes a compartir momentos en familia, seguros y amenos; y a su vez promover h\u00e1bitos saludables, se puso en funcionamiento el primer Mini Gym en el sector 1 del Parque san Martin junto al gimnasio urbano que hace a\u00f1os ya disfrutan los vecinos de la ciudad. El intendente [&hellip;]<\/p>\n","protected":false},"author":1,"featured_media":155584,"comment_status":"open","ping_status":"open","sticky":false,"template":"","format":"standard","meta":{"_stopmodifiedupdate":false,"_modified_date":"","inline_featured_image":false},"categories":[490],"tags":[],"jetpack_featured_media_url":"https:\/\/notinor.com\/jujuy\/wp-content\/uploads\/2018\/01\/CHULI-MINI-GYM.jpg","_links":{"self":[{"href":"https:\/\/notinor.com\/jujuy\/wp-json\/wp\/v2\/posts\/155583"}],"collection":[{"href":"https:\/\/notinor.com\/jujuy\/wp-json\/wp\/v2\/posts"}],"about":[{"href":"https:\/\/notinor.com\/jujuy\/wp-json\/wp\/v2\/types\/post"}],"author":[{"embeddable":true,"href":"https:\/\/notinor.com\/jujuy\/wp-json\/wp\/v2\/users\/1"}],"replies":[{"embeddable":true,"href":"https:\/\/notinor.com\/jujuy\/wp-json\/wp\/v2\/comments?post=155583"}],"version-history":[{"count":1,"href":"https:\/\/notinor.com\/jujuy\/wp-json\/wp\/v2\/posts\/155583\/revisions"}],"predecessor-version":[{"id":155585,"href":"https:\/\/notinor.com\/jujuy\/wp-json\/wp\/v2\/posts\/155583\/revisions\/155585"}],"wp:featuredmedia":[{"embeddable":true,"href":"https:\/\/notinor.com\/jujuy\/wp-json\/wp\/v2\/media\/155584"}],"wp:attachment":[{"href":"https:\/\/notinor.com\/jujuy\/wp-json\/wp\/v2\/media?parent=155583"}],"wp:term":[{"taxonomy":"category","embeddable":true,"href":"https:\/\/notinor.com\/jujuy\/wp-json\/wp\/v2\/categories?post=155583"},{"taxonomy":"post_tag","embeddable":true,"href":"https:\/\/notinor.com\/jujuy\/wp-json\/wp\/v2\/tags?post=155583"}],"curies":[{"name":"wp","href":"https:\/\/api.w.org\/{rel}","templated":true}]}}