{"id":155580,"date":"2018-01-20T13:22:43","date_gmt":"2018-01-20T16:22:43","guid":{"rendered":"http:\/\/notinor.com\/jujuy\/?p=155580"},"modified":"2018-01-22T00:46:25","modified_gmt":"2018-01-22T03:46:25","slug":"el-intendente-recibio-a-la-delegacion-jujena-del-pre-cosquin","status":"publish","type":"post","link":"https:\/\/notinor.com\/jujuy\/el-intendente-recibio-a-la-delegacion-jujena-del-pre-cosquin\/","title":{"rendered":"El intendente recibi\u00f3 a la delegaci\u00f3n juje\u00f1a del Pre-Cosqu\u00edn"},"content":{"rendered":"<p><img decoding=\"async\" loading=\"lazy\" class=\"alignnone size-medium wp-image-155581\" src=\"http:\/\/notinor.com\/jujuy\/wp-content\/uploads\/2018\/01\/CHULI-COSQUIN-552x365.jpg\" alt=\"\" width=\"552\" height=\"365\" srcset=\"https:\/\/notinor.com\/jujuy\/wp-content\/uploads\/2018\/01\/CHULI-COSQUIN-552x365.jpg 552w, https:\/\/notinor.com\/jujuy\/wp-content\/uploads\/2018\/01\/CHULI-COSQUIN-768x508.jpg 768w, https:\/\/notinor.com\/jujuy\/wp-content\/uploads\/2018\/01\/CHULI-COSQUIN-726x480.jpg 726w, https:\/\/notinor.com\/jujuy\/wp-content\/uploads\/2018\/01\/CHULI-COSQUIN.jpg 800w\" sizes=\"(max-width: 552px) 100vw, 552px\" \/><\/p>\n<p>Con un grupo conformado por 64 artistas reconocidos de la ciudad regres\u00f3 de su paso por el m\u00e1ximo certamen de tradici\u00f3n y folklore de nuestro pa\u00eds representando de manera elocuente a nuestra ciudad y provincia en 11 de los 12 rubros a tener en cuenta:<\/p>\n<p>- Solista vocal masculino<\/p>\n<p>- Solista vocal femenino<\/p>\n<p>- Solista instrumental<\/p>\n<p>- D\u00fao vocal<\/p>\n<p>- Conjunto vocal<\/p>\n<p>- Conjunto instrumental<\/p>\n<p>- Tema in\u00e9dito<\/p>\n<p>- Pareja de baile tradicional<\/p>\n<p>- Solista de malambo<\/p>\n<p>- Conjunto de malambo<\/p>\n<p>- Conjunto de baile folkl\u00f3rico<\/p>\n<p>En la ocasi\u00f3n, la pareja conformada por Ver\u00f3nica Coca y Jonatan Navarro, recibieron la distinci\u00f3n especial por parte de los veedores del certamen realizando la apertura el d\u00eda domingo sobre el escenario Atahualpa Yupanqui, desplegando su gracia con la interpretaci\u00f3n de bailes t\u00edpicos en chacarera y zamba.<\/p>\n<p>El reconocimiento al empe\u00f1o y dedicaci\u00f3n lo realiz\u00f3 el intendente Chuli Jorge a cada uno de los artistas, acompa\u00f1ado por Sandra Battistella, subsecretaria de Coordinaci\u00f3n de Intendencia; Gast\u00f3n Mill\u00f3n, secretario de Gobierno; la concejal Estela Flores; Alejandra Guti\u00e9rrez, titular de Cultura y Susana Ayala representante del plantel de artistas.<\/p>\n<p>\"Estamos m\u00e1s que satisfecho con todo esta delegaci\u00f3n, que ha realizado una gran tarea, superaron todos los niveles. En este certamen se exige mucho y nuestra delegaci\u00f3n estuvo con un promedio de puntuaci\u00f3n que super\u00f3 las expectativas\"<\/p>\n<p>As\u00ed tambi\u00e9n el intendente no dej\u00f3 de mencionar el trabajo permanente en superaci\u00f3n que vienen realizando los artistas juje\u00f1os y la manera en que desde el municipio se apoya constantemente el legado cultural para su desarrollo y diversas presentaciones, \"Como se hizo hace tiempo atr\u00e1s, con el apoyo a un grupo consagrado hoy en los escenarios internacionales como lo son los Tekis, hoy este municipio sigue ese camino, d\u00e1ndoles fuerzas y posibilidades a los nuevos valores que llevan la bandera de la historia y la cultura argentina y bien juje\u00f1a\", remarc\u00f3 Chuli Jorge.<\/p>\n<p>Por otro lado, el intendente fue especialmente invitado para estar presente el d\u00eda martes en Cosquin, siendo parte del en el escenario mayor de la Plaza \"Prospero Molina\" junto al intendente de Cosquin, donde va a haber un reconocimiento, a la labor, proyecci\u00f3n y valores que est\u00e1 dando San Salvador de Jujuy y la Provincia a todo el pa\u00eds.<\/p>\n<p>Durante esa jornada en Cosquin, tendr\u00e1 lugar el show especial con \"Los Tekis\" y el homenaje a los 40 a\u00f1os de la desaparici\u00f3n de \"Jorge Cafrune\", tambi\u00e9n tendr\u00e1 lugar en la \"Casa de Jujuy en C\u00f3rdoba\" que preside Alberto Del Cura el lanzamiento del Carnaval de Humahuaca y San Salvador de Jujuy con la apuesta en la Ciudad Cultural junto a \"Los Tekis\".<\/p>\n<p>Por su parte Alejandra Guti\u00e9rrez, directora de Cultura de la municipalidad destac\u00f3 \"el profesionalismo y el gran compromiso asumido por la delegaci\u00f3n juje\u00f1a en el escenario mayor \"Atahualpa Yupanqui\", donde cada a\u00f1o vamos super\u00e1ndonos dejando una marca registrada del legado juje\u00f1o\"<\/p>\n","protected":false},"excerpt":{"rendered":"<p>Con un grupo conformado por 64 artistas reconocidos de la ciudad regres\u00f3 de su paso por el m\u00e1ximo certamen de tradici\u00f3n y folklore de nuestro pa\u00eds representando de manera elocuente a nuestra ciudad y provincia en 11 de los 12 rubros a tener en cuenta: - Solista vocal masculino - Solista vocal femenino - Solista [&hellip;]<\/p>\n","protected":false},"author":1,"featured_media":155581,"comment_status":"open","ping_status":"open","sticky":false,"template":"","format":"standard","meta":{"_stopmodifiedupdate":false,"_modified_date":"","inline_featured_image":false},"categories":[490],"tags":[],"jetpack_featured_media_url":"https:\/\/notinor.com\/jujuy\/wp-content\/uploads\/2018\/01\/CHULI-COSQUIN.jpg","_links":{"self":[{"href":"https:\/\/notinor.com\/jujuy\/wp-json\/wp\/v2\/posts\/155580"}],"collection":[{"href":"https:\/\/notinor.com\/jujuy\/wp-json\/wp\/v2\/posts"}],"about":[{"href":"https:\/\/notinor.com\/jujuy\/wp-json\/wp\/v2\/types\/post"}],"author":[{"embeddable":true,"href":"https:\/\/notinor.com\/jujuy\/wp-json\/wp\/v2\/users\/1"}],"replies":[{"embeddable":true,"href":"https:\/\/notinor.com\/jujuy\/wp-json\/wp\/v2\/comments?post=155580"}],"version-history":[{"count":1,"href":"https:\/\/notinor.com\/jujuy\/wp-json\/wp\/v2\/posts\/155580\/revisions"}],"predecessor-version":[{"id":155582,"href":"https:\/\/notinor.com\/jujuy\/wp-json\/wp\/v2\/posts\/155580\/revisions\/155582"}],"wp:featuredmedia":[{"embeddable":true,"href":"https:\/\/notinor.com\/jujuy\/wp-json\/wp\/v2\/media\/155581"}],"wp:attachment":[{"href":"https:\/\/notinor.com\/jujuy\/wp-json\/wp\/v2\/media?parent=155580"}],"wp:term":[{"taxonomy":"category","embeddable":true,"href":"https:\/\/notinor.com\/jujuy\/wp-json\/wp\/v2\/categories?post=155580"},{"taxonomy":"post_tag","embeddable":true,"href":"https:\/\/notinor.com\/jujuy\/wp-json\/wp\/v2\/tags?post=155580"}],"curies":[{"name":"wp","href":"https:\/\/api.w.org\/{rel}","templated":true}]}}