{"id":155575,"date":"2018-01-20T11:20:10","date_gmt":"2018-01-20T14:20:10","guid":{"rendered":"http:\/\/notinor.com\/jujuy\/?p=155575"},"modified":"2018-01-20T11:20:10","modified_gmt":"2018-01-20T14:20:10","slug":"etapa-14-ultimo-tramo-para-conocer-a-los-campeones-en-cordoba","status":"publish","type":"post","link":"https:\/\/notinor.com\/jujuy\/etapa-14-ultimo-tramo-para-conocer-a-los-campeones-en-cordoba\/","title":{"rendered":"Etapa 14: \u00faltimo tramo para conocer a los campeones en C\u00f3rdoba"},"content":{"rendered":"<p><img decoding=\"async\" src=\"https:\/\/www.infobae.com\/new-resizer\/rMp_GDBjx8V3HfJSf2EcdO8riPk=\/600x0\/filters:quality(100)\/s3.amazonaws.com\/arc-wordpress-client-uploads\/infobae-wp\/wp-content\/uploads\/2018\/01\/16202244\/Stephane-Peterhansel-Etapa-10-Dakar-2018-1920-4.jpg\" alt=\"Se termina el Dakar 2018: la \u00faltima etapa es en C\u00f3rdoba (Reuters)\" \/><\/p>\n<p>&nbsp;<\/p>\n<div>\n<div>\n<p>El\u00a0Rally Dakar 2018\u00a0llega a su fin este s\u00e1bado en C\u00f3rdoba,\u00a0donde se llevar\u00e1 a cabo la fiesta del podio de meta, el punto final de un recorrido de cerca de\u00a09.000 kil\u00f3metros\u00a0por\u00a0Per\u00fa, Bolivia y Argentina. En la definici\u00f3n,\u00a0s\u00f3lo habr\u00e1 120 kil\u00f3metros cronometrados para los pilotos que buscar\u00e1n el triunfo.<\/p>\n<\/div>\n<\/div>\n<div>\n<p>Al\u00a0Dakar\u00a0s\u00f3lo le queda un\u00a0tramo de 286 kil\u00f3metros (120 son cronometrados), por lo que no habr\u00e1 cambios sustanciales en las clasificaciones generales si ninguno de los l\u00edderes protagonizan una choque brutal o un contratiempo capaz de dejarlos fuera de la carrera.<\/p>\n<p>&nbsp;<\/p>\n<p><img decoding=\"async\" src=\"https:\/\/www.infobae.com\/new-resizer\/-lmesA1elP4ixTpf41rW9eJWCeI=\/600x0\/filters:quality(100)\/s3.amazonaws.com\/arc-wordpress-client-uploads\/infobae-wp\/wp-content\/uploads\/2018\/01\/20072301\/mapa-etapa-14-del-Dakar-1920.jpg\" alt=\"El mapa de la etapa 14 del Dakar: 284 kil\u00f3metros (119 Especial)\" \/><\/p>\n<p>&nbsp;<\/p>\n<div>\n<div>\n<p>El espa\u00f1ol\u00a0Carlos Sainz\u00a0llega a la \u00faltima etapa del Dakar a\u00fan m\u00e1s l\u00edder en coches, tras el accidente sufrido en el pen\u00faltimo d\u00eda de competici\u00f3n por el franc\u00e9s\u00a0St\u00e9phane Peterhansel. El madrile\u00f1o est\u00e1 cerca de consagrarse campe\u00f3n del segundo Dakar de su carrera.<\/p>\n<\/div>\n<\/div>\n<div>\n<div id=\"\">\n<div>La Etapa 14 se desarrollar\u00e1 por la\u00a0sierra de C\u00f3rdoba, escenario habitual de la cita argentina del campeonato mundial de rallys, por donde\u00a0Sainz ya ha corrido y ganado en esa especialidad.<\/div>\n<\/div>\n<\/div>\n<div>\n<div>\n<p>En motos tampoco\u00a0se esperan sorpresas. El l\u00edder, el austr\u00edaco\u00a0Matthias Walkner (KTM), tiene todo para conservar\u00a0la ventaja respecto al argentino\u00a0Kevin Benavides (Honda)\u00a0y el australiano\u00a0Toby Price (KTM). Tiene el colch\u00f3n suficiente como para convertirse en el primer austr\u00edaco en ganar el Dakar, y adem\u00e1s hacerlo con la marca austr\u00edaca de motos que domina el rally desde hace 16 a\u00f1os.<\/p>\n<p>&nbsp;<\/p>\n<p><img decoding=\"async\" src=\"https:\/\/www.infobae.com\/new-resizer\/tiBqS7azVSolYpkFaA_Kwf4zSvg=\/600x0\/filters:quality(100)\/s3.amazonaws.com\/arc-wordpress-client-uploads\/infobae-wp\/wp-content\/uploads\/2018\/01\/09174522\/CAMION-VILLAGRA.jpg\" \/><\/p>\n<p>&nbsp;<\/p>\n<div>\n<div>\n<p>En camiones, el argentino\u00a0Federico Villagra (Iveco) tuvo que abandonar\u00a0el rally por problemas mec\u00e1nicos cuando se encontraba en la general a solo un segundo del ruso\u00a0Eduard Nikolaev (Kamaz), vigente campe\u00f3n y actual l\u00edder de la clasificaci\u00f3n general de la categor\u00eda.<\/p>\n<\/div>\n<\/div>\n<div>\n<div>\n<p>Por su parte, en quads,\u00a0la victoria quedar\u00eda en manos del\u00a0chileno\u00a0Ignacio Casale, quien en la general tiene una ventaja de m\u00e1s de hora y media sobre sus contrincantes, por lo que este s\u00e1bado, salvo cat\u00e1strofe,\u00a0ganar\u00e1 su segundo Dakar en esa categor\u00eda.<\/p>\n<p>&nbsp;<\/p>\n<\/div>\n<\/div>\n<div>\n<div>\n<p><strong><em>Clasificaci\u00f3n general:<\/em><\/strong><\/p>\n<\/div>\n<\/div>\n<div>\n<div>\n<p>AUTOS<\/p>\n<\/div>\n<\/div>\n<div>\n<div>\n<p>1- Carlos Sainz (ESP\/ Team Peugeot Total) 47h 46:30<\/p>\n<\/div>\n<\/div>\n<div>\n<div>\n<p>2- Nasser Al-Attiyah (QAT\/ Toyota Gazoo Racing SA) a 00h 46:18<\/p>\n<\/div>\n<\/div>\n<div>\n<div>\n<p>3- Giniel De Villiers (SRA\/ Toyota Gazoo Racing SA) a 01h 20:00<\/p>\n<\/div>\n<\/div>\n<div>\n<div>\n<p>MOTOS<\/p>\n<\/div>\n<\/div>\n<div>\n<div>\n<p>1-Matthias Walkner (AUS\/KTM) 41h 33:42<\/p>\n<\/div>\n<\/div>\n<div>\n<div>\n<p>2- Kevin Benavides (ARG\/Monster Energy Honda Team) a 00h 22:31<\/p>\n<\/div>\n<\/div>\n<div>\n<div>\n<p>3-Toby Price (AUT\/ Red Bull KTM Factoru Team) a 00h 27:45<\/p>\n<\/div>\n<\/div>\n<div>\n<div>\n<p>CUATRICILOS<\/p>\n<\/div>\n<\/div>\n<div>\n<div>\n<p>1-Ignacio Casale (CHI\/ Casale Racing) 52h 03:39<\/p>\n<\/div>\n<\/div>\n<div>\n<div>\n<p>2-Nicolas Cavigliasso (ARG\/Team Al Desert) a 01h 37:16<\/p>\n<\/div>\n<\/div>\n<div>\n<div>\n<p>3-Jeremias Gonzalez Ferioli (ARG\/ Consultores de Empresas) a 02h 05:12<\/p>\n<\/div>\n<\/div>\n<div>\n<div>\n<p>CAMIONES<\/p>\n<\/div>\n<\/div>\n<div>\n<div>\n<p>1-Eduard Nikolaev\/Evgeny Yakovlev\/Vladimir Rybakov (RUS\/ Kamaz \u2013 Master) 53h 13:33<\/p>\n<\/div>\n<\/div>\n<div>\n<div>\n<p>2-Siarhei Viazovich\/Pavel Haranin\/Andrei Zhyhulin (BIE\/ MAZ-Sportauto) a 03h 53:59<\/p>\n<\/div>\n<\/div>\n<div>\n<div>\n<p>3-Airat Mardeev\/Aydar Belyaev\/Dmitriy Svistunov (RUS\/ Kamaz \u2013 Master) a 05h 21:05<\/p>\n<\/div>\n<\/div>\n<\/div>\n<\/div>\n<\/div>\n","protected":false},"excerpt":{"rendered":"<p>&nbsp; El\u00a0Rally Dakar 2018\u00a0llega a su fin este s\u00e1bado en C\u00f3rdoba,\u00a0donde se llevar\u00e1 a cabo la fiesta del podio de meta, el punto final de un recorrido de cerca de\u00a09.000 kil\u00f3metros\u00a0por\u00a0Per\u00fa, Bolivia y Argentina. En la definici\u00f3n,\u00a0s\u00f3lo habr\u00e1 120 kil\u00f3metros cronometrados para los pilotos que buscar\u00e1n el triunfo. Al\u00a0Dakar\u00a0s\u00f3lo le queda un\u00a0tramo de 286 kil\u00f3metros [&hellip;]<\/p>\n","protected":false},"author":1,"featured_media":155576,"comment_status":"open","ping_status":"open","sticky":false,"template":"","format":"standard","meta":{"_stopmodifiedupdate":false,"_modified_date":"","inline_featured_image":false},"categories":[7],"tags":[],"jetpack_featured_media_url":"https:\/\/notinor.com\/jujuy\/wp-content\/uploads\/2018\/01\/1-33.png","_links":{"self":[{"href":"https:\/\/notinor.com\/jujuy\/wp-json\/wp\/v2\/posts\/155575"}],"collection":[{"href":"https:\/\/notinor.com\/jujuy\/wp-json\/wp\/v2\/posts"}],"about":[{"href":"https:\/\/notinor.com\/jujuy\/wp-json\/wp\/v2\/types\/post"}],"author":[{"embeddable":true,"href":"https:\/\/notinor.com\/jujuy\/wp-json\/wp\/v2\/users\/1"}],"replies":[{"embeddable":true,"href":"https:\/\/notinor.com\/jujuy\/wp-json\/wp\/v2\/comments?post=155575"}],"version-history":[{"count":1,"href":"https:\/\/notinor.com\/jujuy\/wp-json\/wp\/v2\/posts\/155575\/revisions"}],"predecessor-version":[{"id":155577,"href":"https:\/\/notinor.com\/jujuy\/wp-json\/wp\/v2\/posts\/155575\/revisions\/155577"}],"wp:featuredmedia":[{"embeddable":true,"href":"https:\/\/notinor.com\/jujuy\/wp-json\/wp\/v2\/media\/155576"}],"wp:attachment":[{"href":"https:\/\/notinor.com\/jujuy\/wp-json\/wp\/v2\/media?parent=155575"}],"wp:term":[{"taxonomy":"category","embeddable":true,"href":"https:\/\/notinor.com\/jujuy\/wp-json\/wp\/v2\/categories?post=155575"},{"taxonomy":"post_tag","embeddable":true,"href":"https:\/\/notinor.com\/jujuy\/wp-json\/wp\/v2\/tags?post=155575"}],"curies":[{"name":"wp","href":"https:\/\/api.w.org\/{rel}","templated":true}]}}