{"id":155562,"date":"2018-01-20T08:40:39","date_gmt":"2018-01-20T11:40:39","guid":{"rendered":"http:\/\/notinor.com\/jujuy\/?p=155562"},"modified":"2020-08-24T12:28:11","modified_gmt":"2020-08-24T15:28:11","slug":"comenzo-a-filmarse-la-segunda-temporada-de-el-marginal","status":"publish","type":"post","link":"https:\/\/notinor.com\/jujuy\/comenzo-a-filmarse-la-segunda-temporada-de-el-marginal\/","title":{"rendered":"Comenz\u00f3 a filmarse la segunda temporada de \"El Marginal\""},"content":{"rendered":"<p><img decoding=\"async\" loading=\"lazy\" class=\"alignnone size-full wp-image-151339\" src=\"http:\/\/notinor.com\/jujuy\/wp-content\/uploads\/2017\/12\/el-marginal.jpg\" alt=\"\" width=\"945\" height=\"532\" \/><\/p>\n<p>Underground y Tv P\u00fablica presentan \u201cEl Marginal 2\u201d, es la precuela donde nuevamente reunir\u00e1 a un gran elenco, protagonizada por Nicol\u00e1s Furtado (Diosito), Esteban Lamothe (Patricio, el Doc), Martina Gusman (Emma), Claudio Rissi ( Borges) y Gerardo Romano ( Ant\u00edn), completan el elenco: Carlos Portaluppi ( Morcilla), Bryan Buley (Pedro), Roly Serrano (Sapo), Abel Ayala (C\u00e9sar) y Ver\u00f3nica Llin\u00e1s (Rita).<\/p>\n<p>La lucha de poder se inicia en esta precuela que comienza a desentramar la historia de la banda de Borges,\u00a0 retrocede en el tiempo hasta situarse en la \u00e9poca en que los hermanos Borges, y algunos de los miembros de su banda, son capturados e ingresan a la c\u00e1rcel de San Onofre, al igual que los primeros pasos de Emma, en su b\u00fasqueda por encontrar justicia, y defender los derechos de los presos.<\/p>\n<p>All\u00ed, las cosas son muy diferentes a como se sucedieron en la primer temporada, pero la violencia y la subsistencia siguen siendo las grandes protagonistas. \u201cEl Marginal\u201d fue galardonada con el Premio Platino a mejor miniserie cinematogr\u00e1ca, obtuvo el Gran Premio Internacional en el Festival Series Man\u00eda de Par\u00eds, el Mart\u00edn Fierro de Oro, y tambi\u00e9n, fue la gran ganadora de los Premios TATO 2016 consiguiendo 12 estatuillas.<\/p>\n","protected":false},"excerpt":{"rendered":"<p>Underground y Tv P\u00fablica presentan \u201cEl Marginal 2\u201d, es la precuela donde nuevamente reunir\u00e1 a un gran elenco, protagonizada por Nicol\u00e1s Furtado (Diosito), Esteban Lamothe (Patricio, el Doc), Martina Gusman (Emma), Claudio Rissi ( Borges) y Gerardo Romano ( Ant\u00edn), completan el elenco: Carlos Portaluppi ( Morcilla), Bryan Buley (Pedro), Roly Serrano (Sapo), Abel Ayala [&hellip;]<\/p>\n","protected":false},"author":1,"featured_media":151339,"comment_status":"open","ping_status":"open","sticky":false,"template":"","format":"standard","meta":{"_stopmodifiedupdate":false,"_modified_date":"","inline_featured_image":false},"categories":[21],"tags":[],"jetpack_featured_media_url":"https:\/\/notinor.com\/jujuy\/wp-content\/uploads\/2017\/12\/el-marginal.jpg","_links":{"self":[{"href":"https:\/\/notinor.com\/jujuy\/wp-json\/wp\/v2\/posts\/155562"}],"collection":[{"href":"https:\/\/notinor.com\/jujuy\/wp-json\/wp\/v2\/posts"}],"about":[{"href":"https:\/\/notinor.com\/jujuy\/wp-json\/wp\/v2\/types\/post"}],"author":[{"embeddable":true,"href":"https:\/\/notinor.com\/jujuy\/wp-json\/wp\/v2\/users\/1"}],"replies":[{"embeddable":true,"href":"https:\/\/notinor.com\/jujuy\/wp-json\/wp\/v2\/comments?post=155562"}],"version-history":[{"count":1,"href":"https:\/\/notinor.com\/jujuy\/wp-json\/wp\/v2\/posts\/155562\/revisions"}],"predecessor-version":[{"id":155566,"href":"https:\/\/notinor.com\/jujuy\/wp-json\/wp\/v2\/posts\/155562\/revisions\/155566"}],"wp:featuredmedia":[{"embeddable":true,"href":"https:\/\/notinor.com\/jujuy\/wp-json\/wp\/v2\/media\/151339"}],"wp:attachment":[{"href":"https:\/\/notinor.com\/jujuy\/wp-json\/wp\/v2\/media?parent=155562"}],"wp:term":[{"taxonomy":"category","embeddable":true,"href":"https:\/\/notinor.com\/jujuy\/wp-json\/wp\/v2\/categories?post=155562"},{"taxonomy":"post_tag","embeddable":true,"href":"https:\/\/notinor.com\/jujuy\/wp-json\/wp\/v2\/tags?post=155562"}],"curies":[{"name":"wp","href":"https:\/\/api.w.org\/{rel}","templated":true}]}}