{"id":155526,"date":"2018-01-20T00:29:51","date_gmt":"2018-01-20T03:29:51","guid":{"rendered":"http:\/\/notinor.com\/jujuy\/?p=155526"},"modified":"2018-01-20T00:29:51","modified_gmt":"2018-01-20T03:29:51","slug":"independiente-vencio-a-racing-por-penales-en-el-primer-clasico-del-2018","status":"publish","type":"post","link":"https:\/\/notinor.com\/jujuy\/independiente-vencio-a-racing-por-penales-en-el-primer-clasico-del-2018\/","title":{"rendered":"Independiente venci\u00f3 a Racing por penales en el primer cl\u00e1sico del 2018"},"content":{"rendered":"<div>\n<div>\n<p><a href=\"http:\/\/notinor.com\/jujuy\/independiente-vencio-a-racing-por-penales-en-el-primer-clasico-del-2018\/1-1424\/\" rel=\"attachment wp-att-155532\"><img decoding=\"async\" loading=\"lazy\" class=\"alignnone size-full wp-image-155532\" src=\"http:\/\/notinor.com\/jujuy\/wp-content\/uploads\/2018\/01\/1-32.png\" alt=\"\" width=\"608\" height=\"413\" srcset=\"https:\/\/notinor.com\/jujuy\/wp-content\/uploads\/2018\/01\/1-32.png 608w, https:\/\/notinor.com\/jujuy\/wp-content\/uploads\/2018\/01\/1-32-537x365.png 537w\" sizes=\"(max-width: 608px) 100vw, 608px\" \/><\/a><\/p>\n<p>&nbsp;<\/p>\n<p>El\u00a0Estadio Jos\u00e9 Mar\u00eda Minella\u00a0alberg\u00f3 el primer cl\u00e1sico de Avellaneda del 2018 y devolvi\u00f3 un interesante partido entre\u00a0Independiente y Racing\u00a0que finaliz\u00f3\u00a0igualado 2-2 en el tiempo reglamentario. Aunque los\u00a0disparos desde el punto de penal\u00a0terminaron marcando la diferencia y d\u00e1ndole el\u00a0triunfo al\u00a0Rojo.<\/p>\n<\/div>\n<\/div>\n<div>\n<div>\n<p>La tendencia de duelos amistosos sin muchas acciones qued\u00f3 a un costado en los primeros 45 minutos del cl\u00e1sico de Avellaneda, con dos equipos entregados al juego ofensivo y dispuestos a devolver un tr\u00e1mite plagado de situaciones.<\/p>\n<\/div>\n<\/div>\n<div>\n<div id=\"\">\n<div>Arranc\u00f3 t\u00edmidamente mejor la\u00a0Academia, aunque a los\u00a08 minutos\u00a0apareci\u00f3 la primera situaci\u00f3n para modificar el marcador.\u00a0Leandro Fern\u00e1ndez\u00a0lleg\u00f3 al fondo y sac\u00f3 un centro que\u00a0Miguel Barbieri cort\u00f3 con la mano dentro del \u00e1rea. Fue el propio\u00a0Fern\u00e1ndez el que cambi\u00f3 el penal por gol.<\/div>\n<div><\/div>\n<\/div>\n<\/div>\n<div>\n<div>\n<p>El combinado de Eduardo Coudet segu\u00eda merodeando el \u00e1rea de\u00a0Mart\u00edn Campa\u00f1a, pero nuevamente se top\u00f3 con un Independiente m\u00e1s efectivo. Una contra que comenz\u00f3 en el \u00e1rea propia fue el preludio de un nuevo gol:\u00a0Fern\u00e1ndez recibi\u00f3\u00a0en la mitad del campo, abri\u00f3 para\u00a0Maximiliano Meza, quien sac\u00f3 un\u00a0centro rasante\u00a0que\u00a0capitaliz\u00f3 del otro lado el ex Defensa y Justicia y Godoy Cruz.<\/p>\n<\/div>\n<\/div>\n<div>\n<div>\n<p>Los del Chacho reaccionaron r\u00e1pido gracias a la irrupci\u00f3n de sus poderosas armas de ofensiva.\u00a0Lisandro L\u00f3pez\u00a0envi\u00f3 un centro defectuoso y a media altura que encontr\u00f3 a\u00a0Lautaro Mart\u00ednez\u00a0dentro del \u00e1rea. El joven goleador la punte\u00f3 y\u00a0marc\u00f3 el descuento gracias a una floja reacci\u00f3n de Campa\u00f1a.<\/p>\n<\/div>\n<\/div>\n<div>\n<div>\n<p>La\u00a0segunda etapa\u00a0tuvo un primer parcial con un dominio absoluto de Racing, apoyado en su intensidad. Lo tuvieron apenas se inici\u00f3 el complemento\u00a0Lautaro\u00a0y el\u00a0Pulpo\u00a0Gonz\u00e1lez\u00a0abajo del arco en la misma acci\u00f3n, pero ambos quedaron a mitad de camino.<\/p>\n<\/div>\n<\/div>\n<div>\n<div>\n<p>Tambi\u00e9n advirti\u00f3\u00a0Neri Cardozo\u00a0con un remate desde afuera del \u00e1rea, aunque la que volvi\u00f3 a poner suspenso en el marcador fue la situaci\u00f3n mano a mano que marr\u00f3\u00a0Mart\u00ednez\u00a0tras un gran pase de\u00a0Nery Dom\u00ednguez.<\/p>\n<\/div>\n<\/div>\n<div>\n<div>\n<p>El duelo parec\u00eda terminado porque los embates de uno y otro lado hab\u00edan desaparecido, pero a un minuto del final\u00a0Lisandro\u00a0se aprovech\u00f3 de la desatenci\u00f3n de\u00a0Nicol\u00e1s Figal\u00a0dentro del \u00e1rea, jug\u00f3 la pelota al medio y\u00a0Mart\u00ednez empuj\u00f3 al empate. Todo se traslad\u00f3 a los penales.<\/p>\n<\/div>\n<\/div>\n<div>\n<div>\n<p>Si bien\u00a0Juan Musso\u00a0le tap\u00f3 el primer disparo de la tanda a\u00a0Gast\u00f3n Silva, las fallas de\u00a0Alejandro Donatti, Enrique Triverio y Mart\u00ednez\u00a0terminaron inclinando la balanza para el lado de los de Holan.<\/p>\n<\/div>\n<\/div>\n<div>\n<div>\n<p>Independiente\u00a0ya piensa en el reinicio de la Superliga que en su caso ser\u00e1 anticipado: el\u00a0pr\u00f3ximo mi\u00e9rcoles 24 de enero, desde las 21:10, disputar\u00e1 el partido pendiente de la\u00a011\u00aa fecha contra Rosario Central\u00a0en Avellaneda. Luego se topar\u00e1 con Estudiantes ya el lunes 29 de este mes.\u00a0Racing, por su lado, deber\u00e1 ir de visita a Santa Fe para encontrarse con Uni\u00f3n el\u00a0domingo 28.<\/p>\n<\/div>\n<\/div>\n","protected":false},"excerpt":{"rendered":"<p>&nbsp; El\u00a0Estadio Jos\u00e9 Mar\u00eda Minella\u00a0alberg\u00f3 el primer cl\u00e1sico de Avellaneda del 2018 y devolvi\u00f3 un interesante partido entre\u00a0Independiente y Racing\u00a0que finaliz\u00f3\u00a0igualado 2-2 en el tiempo reglamentario. Aunque los\u00a0disparos desde el punto de penal\u00a0terminaron marcando la diferencia y d\u00e1ndole el\u00a0triunfo al\u00a0Rojo. La tendencia de duelos amistosos sin muchas acciones qued\u00f3 a un costado en los primeros [&hellip;]<\/p>\n","protected":false},"author":1,"featured_media":155532,"comment_status":"open","ping_status":"open","sticky":false,"template":"","format":"standard","meta":{"_stopmodifiedupdate":false,"_modified_date":"","inline_featured_image":false},"categories":[7],"tags":[],"jetpack_featured_media_url":"https:\/\/notinor.com\/jujuy\/wp-content\/uploads\/2018\/01\/1-32.png","_links":{"self":[{"href":"https:\/\/notinor.com\/jujuy\/wp-json\/wp\/v2\/posts\/155526"}],"collection":[{"href":"https:\/\/notinor.com\/jujuy\/wp-json\/wp\/v2\/posts"}],"about":[{"href":"https:\/\/notinor.com\/jujuy\/wp-json\/wp\/v2\/types\/post"}],"author":[{"embeddable":true,"href":"https:\/\/notinor.com\/jujuy\/wp-json\/wp\/v2\/users\/1"}],"replies":[{"embeddable":true,"href":"https:\/\/notinor.com\/jujuy\/wp-json\/wp\/v2\/comments?post=155526"}],"version-history":[{"count":2,"href":"https:\/\/notinor.com\/jujuy\/wp-json\/wp\/v2\/posts\/155526\/revisions"}],"predecessor-version":[{"id":155534,"href":"https:\/\/notinor.com\/jujuy\/wp-json\/wp\/v2\/posts\/155526\/revisions\/155534"}],"wp:featuredmedia":[{"embeddable":true,"href":"https:\/\/notinor.com\/jujuy\/wp-json\/wp\/v2\/media\/155532"}],"wp:attachment":[{"href":"https:\/\/notinor.com\/jujuy\/wp-json\/wp\/v2\/media?parent=155526"}],"wp:term":[{"taxonomy":"category","embeddable":true,"href":"https:\/\/notinor.com\/jujuy\/wp-json\/wp\/v2\/categories?post=155526"},{"taxonomy":"post_tag","embeddable":true,"href":"https:\/\/notinor.com\/jujuy\/wp-json\/wp\/v2\/tags?post=155526"}],"curies":[{"name":"wp","href":"https:\/\/api.w.org\/{rel}","templated":true}]}}