{"id":155390,"date":"2018-01-21T00:13:25","date_gmt":"2018-01-21T03:13:25","guid":{"rendered":"http:\/\/notinor.com\/jujuy\/?p=155390"},"modified":"2018-01-21T08:17:19","modified_gmt":"2018-01-21T11:17:19","slug":"interpol-en-la-quiaca-ucha-contra-el-trafico-ilegal-de-bienes-culturales","status":"publish","type":"post","link":"https:\/\/notinor.com\/jujuy\/interpol-en-la-quiaca-ucha-contra-el-trafico-ilegal-de-bienes-culturales\/","title":{"rendered":"Interpol en la Quiaca: Lucha contra el trafico ilegal de bienes culturales"},"content":{"rendered":"<p><img decoding=\"async\" loading=\"lazy\" class=\"alignnone wp-image-155679 size-full\" src=\"http:\/\/notinor.com\/jujuy\/wp-content\/uploads\/2018\/01\/INTERPOL-LA-QUIACA.jpg\" alt=\"\" width=\"960\" height=\"540\" srcset=\"https:\/\/notinor.com\/jujuy\/wp-content\/uploads\/2018\/01\/INTERPOL-LA-QUIACA.jpg 960w, https:\/\/notinor.com\/jujuy\/wp-content\/uploads\/2018\/01\/INTERPOL-LA-QUIACA-500x280.jpg 500w, https:\/\/notinor.com\/jujuy\/wp-content\/uploads\/2018\/01\/INTERPOL-LA-QUIACA-649x365.jpg 649w, https:\/\/notinor.com\/jujuy\/wp-content\/uploads\/2018\/01\/INTERPOL-LA-QUIACA-768x432.jpg 768w, https:\/\/notinor.com\/jujuy\/wp-content\/uploads\/2018\/01\/INTERPOL-LA-QUIACA-840x473.jpg 840w\" sizes=\"(max-width: 960px) 100vw, 960px\" \/><\/p>\n<p>El objetivo es optimizar la intervenci\u00f3n de las Fuerzas Federales, la polic\u00eda jurisdiccional y otras agencias encargadas del control del tr\u00e1fico il\u00edcito de bienes culturales en la frontera con Bolivia.<\/p>\n<p>Adem\u00e1s se realiz\u00f3 un operativo como demostraci\u00f3n de las acciones conjuntas entre las fuerzas de seguridad, Interpol, Aduana y SENASA, poniendo en pr\u00e1ctica el modelo de intervenci\u00f3n propuesto durante el taller.<\/p>\n<p>La capacitaci\u00f3n es el inicio de una\u00a0 pol\u00edtica de estado que pretende atacar el tr\u00e1fico ilegal desde el conocimiento de los bienes culturales hasta las modalidades que se utilizan com\u00fanmente en este delito.<\/p>\n<p>El taller cont\u00f3 con las exposiciones del Dr. Hern\u00e1n Flom, Director del Instituto Conjunto de Conducci\u00f3n Estrat\u00e9gica; de la coordinadora general del Ministerio de Seguridad de Jujuy, Cecilia Barbesini; del Comisario Inspector Marcelo El Haibe, Jefe del Departamento de Patrimonio Cultural de la Polic\u00eda Federal; de Corrado Catesi, Coordinador de la Unidad Obras de Arte de la Secretar\u00eda General de Interpol y de Gonzalo Giordano, de la misma Secretar\u00eda, como as\u00ed tambi\u00e9n del Lic. \u00c1valos, arque\u00f3logo del Instituto Nacional de Antropolog\u00eda y Pensamiento Latinoamericano (INAPL).<\/p>\n","protected":false},"excerpt":{"rendered":"<p>El objetivo es optimizar la intervenci\u00f3n de las Fuerzas Federales, la polic\u00eda jurisdiccional y otras agencias encargadas del control del tr\u00e1fico il\u00edcito de bienes culturales en la frontera con Bolivia. Adem\u00e1s se realiz\u00f3 un operativo como demostraci\u00f3n de las acciones conjuntas entre las fuerzas de seguridad, Interpol, Aduana y SENASA, poniendo en pr\u00e1ctica el modelo [&hellip;]<\/p>\n","protected":false},"author":1,"featured_media":155680,"comment_status":"open","ping_status":"open","sticky":false,"template":"","format":"standard","meta":{"_stopmodifiedupdate":false,"_modified_date":"","inline_featured_image":false},"categories":[2],"tags":[],"jetpack_featured_media_url":"https:\/\/notinor.com\/jujuy\/wp-content\/uploads\/2018\/01\/INTERPOL.jpg","_links":{"self":[{"href":"https:\/\/notinor.com\/jujuy\/wp-json\/wp\/v2\/posts\/155390"}],"collection":[{"href":"https:\/\/notinor.com\/jujuy\/wp-json\/wp\/v2\/posts"}],"about":[{"href":"https:\/\/notinor.com\/jujuy\/wp-json\/wp\/v2\/types\/post"}],"author":[{"embeddable":true,"href":"https:\/\/notinor.com\/jujuy\/wp-json\/wp\/v2\/users\/1"}],"replies":[{"embeddable":true,"href":"https:\/\/notinor.com\/jujuy\/wp-json\/wp\/v2\/comments?post=155390"}],"version-history":[{"count":3,"href":"https:\/\/notinor.com\/jujuy\/wp-json\/wp\/v2\/posts\/155390\/revisions"}],"predecessor-version":[{"id":155682,"href":"https:\/\/notinor.com\/jujuy\/wp-json\/wp\/v2\/posts\/155390\/revisions\/155682"}],"wp:featuredmedia":[{"embeddable":true,"href":"https:\/\/notinor.com\/jujuy\/wp-json\/wp\/v2\/media\/155680"}],"wp:attachment":[{"href":"https:\/\/notinor.com\/jujuy\/wp-json\/wp\/v2\/media?parent=155390"}],"wp:term":[{"taxonomy":"category","embeddable":true,"href":"https:\/\/notinor.com\/jujuy\/wp-json\/wp\/v2\/categories?post=155390"},{"taxonomy":"post_tag","embeddable":true,"href":"https:\/\/notinor.com\/jujuy\/wp-json\/wp\/v2\/tags?post=155390"}],"curies":[{"name":"wp","href":"https:\/\/api.w.org\/{rel}","templated":true}]}}