{"id":155059,"date":"2018-01-17T18:39:50","date_gmt":"2018-01-17T21:39:50","guid":{"rendered":"http:\/\/notinor.com\/jujuy\/?p=155059"},"modified":"2018-01-17T18:39:50","modified_gmt":"2018-01-17T21:39:50","slug":"detienen-a-mujer-buscada","status":"publish","type":"post","link":"https:\/\/notinor.com\/jujuy\/detienen-a-mujer-buscada\/","title":{"rendered":"Detienen a mujer buscada"},"content":{"rendered":"<p><img decoding=\"async\" loading=\"lazy\" class=\"alignnone size-medium wp-image-155066\" src=\"http:\/\/notinor.com\/jujuy\/wp-content\/uploads\/2018\/01\/foto-de-capturada-en-san-francisco-de-alava-1-293x365.jpg\" alt=\"\" width=\"293\" height=\"365\" srcset=\"https:\/\/notinor.com\/jujuy\/wp-content\/uploads\/2018\/01\/foto-de-capturada-en-san-francisco-de-alava-1-293x365.jpg 293w, https:\/\/notinor.com\/jujuy\/wp-content\/uploads\/2018\/01\/foto-de-capturada-en-san-francisco-de-alava-1-386x480.jpg 386w, https:\/\/notinor.com\/jujuy\/wp-content\/uploads\/2018\/01\/foto-de-capturada-en-san-francisco-de-alava-1.jpg 577w\" sizes=\"(max-width: 293px) 100vw, 293px\" \/><\/p>\n<p class=\"gmail-msonospacing\" style=\"text-align: justify; background: white;\"><span style=\"font-size: 10.0pt; font-family: 'Arial','sans-serif'; color: #333333;\">Personal policial procedi\u00f3 a la detenci\u00f3n, durante el \u00faltimo martes en horas de la tarde, de una mujer con pedido de captura por un hecho de robo, la cual se encontraba en un sector del barrio San Francisco de \u00c1lava de esta ciudad capital. \u00a0<\/span><\/p>\n<p class=\"gmail-msonospacing\" style=\"text-align: justify; background: white; font-variant-ligatures: normal; font-variant-caps: normal; orphans: 2; widows: 2; -webkit-text-stroke-width: 0px; text-decoration-style: initial; text-decoration-color: initial; word-spacing: 0px;\"><span style=\"font-size: 10.0pt; font-family: 'Arial','sans-serif'; color: #333333;\">Durante la realizaci\u00f3n de recorridos de prevenci\u00f3n por la zona, y al llegar a la intersecci\u00f3n de las calles Bayo y Ma\u00edz Gordo, efectivos pertenecientes a unidades m\u00f3viles lograron divisar a dos personas, un hombre y una mujer al parecer cercanos, quienes se encontraban forcejeando, actitud que llamo la atenci\u00f3n de los uniformados, por lo cual decidieron verificar la situaci\u00f3n.<\/span><\/p>\n<p class=\"gmail-msonospacing\" style=\"text-align: justify; background: white; font-variant-ligatures: normal; font-variant-caps: normal; orphans: 2; widows: 2; -webkit-text-stroke-width: 0px; text-decoration-style: initial; text-decoration-color: initial; word-spacing: 0px;\"><span style=\"font-size: 10.0pt; font-family: 'Arial','sans-serif'; color: #333333;\">\u00a0Al efectuarse la individualizaci\u00f3n de estas dos personas, a trav\u00e9s del sistema de datos de identificaci\u00f3n \u201cSISEN SIBIOS\u201d, se estableci\u00f3 que la mujer pose\u00eda pedido de captura por un hecho de \"Robo calificado con el uso de arma\".<\/span><\/p>\n<p class=\"gmail-msonospacing\" style=\"text-align: justify; background: white;\"><span style=\"font-size: 10.0pt; font-family: 'Arial','sans-serif'; color: #333333;\">Raz\u00f3n por la que se solicit\u00f3 colaboraci\u00f3n de personal femenino, quienes se hicieron cargo de la demora de la pr\u00f3fuga de la Ley. \u00a0\u00a0<\/span><\/p>\n<p class=\"gmail-msonospacing\" style=\"text-align: justify; background: white; font-variant-ligatures: normal; font-variant-caps: normal; orphans: 2; widows: 2; -webkit-text-stroke-width: 0px; text-decoration-style: initial; text-decoration-color: initial; word-spacing: 0px;\"><span style=\"font-size: 10.0pt; font-family: 'Arial','sans-serif'; color: #333333;\">La protagonista de 20 a\u00f1os de edad, fue trasladada a la Sub-Comisaria de la zona, donde se realizan las actuaciones sumarias, haci\u00e9ndole conocer causa, y posteriormente derivada a la Comisaria Seccional 49\u00ba de la mujer en barrio Los Huaicos, donde qued\u00f3 alojada a disposici\u00f3n de la fiscal\u00eda interviniente.<\/span><\/p>\n","protected":false},"excerpt":{"rendered":"<p>Personal policial procedi\u00f3 a la detenci\u00f3n, durante el \u00faltimo martes en horas de la tarde, de una mujer con pedido de captura por un hecho de robo, la cual se encontraba en un sector del barrio San Francisco de \u00c1lava de esta ciudad capital. \u00a0 Durante la realizaci\u00f3n de recorridos de prevenci\u00f3n por la zona, [&hellip;]<\/p>\n","protected":false},"author":5,"featured_media":155065,"comment_status":"open","ping_status":"open","sticky":false,"template":"","format":"standard","meta":{"_stopmodifiedupdate":false,"_modified_date":"","inline_featured_image":false},"categories":[3],"tags":[],"jetpack_featured_media_url":"https:\/\/notinor.com\/jujuy\/wp-content\/uploads\/2018\/01\/foto-de-capturada-en-san-francisco-de-alava.jpg","_links":{"self":[{"href":"https:\/\/notinor.com\/jujuy\/wp-json\/wp\/v2\/posts\/155059"}],"collection":[{"href":"https:\/\/notinor.com\/jujuy\/wp-json\/wp\/v2\/posts"}],"about":[{"href":"https:\/\/notinor.com\/jujuy\/wp-json\/wp\/v2\/types\/post"}],"author":[{"embeddable":true,"href":"https:\/\/notinor.com\/jujuy\/wp-json\/wp\/v2\/users\/5"}],"replies":[{"embeddable":true,"href":"https:\/\/notinor.com\/jujuy\/wp-json\/wp\/v2\/comments?post=155059"}],"version-history":[{"count":1,"href":"https:\/\/notinor.com\/jujuy\/wp-json\/wp\/v2\/posts\/155059\/revisions"}],"predecessor-version":[{"id":155067,"href":"https:\/\/notinor.com\/jujuy\/wp-json\/wp\/v2\/posts\/155059\/revisions\/155067"}],"wp:featuredmedia":[{"embeddable":true,"href":"https:\/\/notinor.com\/jujuy\/wp-json\/wp\/v2\/media\/155065"}],"wp:attachment":[{"href":"https:\/\/notinor.com\/jujuy\/wp-json\/wp\/v2\/media?parent=155059"}],"wp:term":[{"taxonomy":"category","embeddable":true,"href":"https:\/\/notinor.com\/jujuy\/wp-json\/wp\/v2\/categories?post=155059"},{"taxonomy":"post_tag","embeddable":true,"href":"https:\/\/notinor.com\/jujuy\/wp-json\/wp\/v2\/tags?post=155059"}],"curies":[{"name":"wp","href":"https:\/\/api.w.org\/{rel}","templated":true}]}}