{"id":15384,"date":"2015-02-06T00:45:55","date_gmt":"2015-02-06T03:45:55","guid":{"rendered":"http:\/\/notinor.com\/jujuy\/?p=15384"},"modified":"2015-02-06T02:52:11","modified_gmt":"2015-02-06T05:52:11","slug":"noche-de-gala-junto-al-duo-tacta","status":"publish","type":"post","link":"https:\/\/notinor.com\/jujuy\/noche-de-gala-junto-al-duo-tacta\/","title":{"rendered":"Noche de gala junto al D\u00fao Tacta"},"content":{"rendered":"<p>El d\u00fao conformado por el Chango Pantale\u00f3n y Pipo Meriles presentar\u00e1 un espect\u00e1culo con ritmos variados y varios invitados especiales, esta noche a partir de las 22hs en el Centro Cultural Museo y Casa Macedonio Graz.<\/p>\n<p>En esta gala, el d\u00fao conformado por el Chango Pantale\u00f3n y Pipo Meriles presentar\u00e1n un espect\u00e1culo musical en donde mostrar\u00e1n una serie de canciones pertenecientes al folclore argentino, latinoamericano, y tambi\u00e9n de otros g\u00e9neros musicales, lo cuales describir\u00e1n lugares, historias, personajes, partiendo de la vivencia permanente de los compositores.<\/p>\n<p>\u201cVenimos desde hace tiempo con la m\u00fasica, la mejor y fiel compa\u00f1era\u201d, as\u00ed promociona el d\u00fao su show. Adem\u00e1s los artistas presentar\u00e1n a varios m\u00fasicos invitados del medio local como Pucho Gonz\u00e1lez; Fava Kingard; Joaqu\u00edn L\u00f3pez; Jos\u00e9 Abraham Range\u00f3n; Luis Escalera; Cuchi Vera y su esposa y Adrian Temer. Teniendo como objetivo llegar de una manera profunda al espectador, que seguramente degustara de ello.<\/p>\n<p>Cabe se\u00f1alar que el ciclo de M\u00fasico Hacedor continuar\u00e1 el martes 10 de febrero con la presentaci\u00f3n del Conjunto de Cuerdas en Culturarte; el viernes 13 Capi Nieva en Macedonio Graz, el martes 24 Luis Escalera en Macedonio, Viernes 27 Maryta en el mismo espacio y s\u00e1bado 28 La logia en Plaza Ricardo vilca.<\/p>\n","protected":false},"excerpt":{"rendered":"<p>El d\u00fao conformado por el Chango Pantale\u00f3n y Pipo Meriles presentar\u00e1 un espect\u00e1culo con ritmos variados y varios invitados especiales, esta noche a partir de las 22hs en el Centro Cultural Museo y Casa Macedonio Graz. En esta gala, el d\u00fao conformado por el Chango Pantale\u00f3n y Pipo Meriles presentar\u00e1n un espect\u00e1culo musical en donde [&hellip;]<\/p>\n","protected":false},"author":1,"featured_media":15385,"comment_status":"open","ping_status":"open","sticky":false,"template":"","format":"standard","meta":{"_stopmodifiedupdate":false,"_modified_date":"","inline_featured_image":false,"spay_email":"","jetpack_publicize_message":""},"categories":[21],"tags":[],"jetpack_featured_media_url":"https:\/\/notinor.com\/jujuy\/wp-content\/uploads\/2015\/02\/DUO-TACTA.jpg","jetpack_publicize_connections":[],"_links":{"self":[{"href":"https:\/\/notinor.com\/jujuy\/wp-json\/wp\/v2\/posts\/15384"}],"collection":[{"href":"https:\/\/notinor.com\/jujuy\/wp-json\/wp\/v2\/posts"}],"about":[{"href":"https:\/\/notinor.com\/jujuy\/wp-json\/wp\/v2\/types\/post"}],"author":[{"embeddable":true,"href":"https:\/\/notinor.com\/jujuy\/wp-json\/wp\/v2\/users\/1"}],"replies":[{"embeddable":true,"href":"https:\/\/notinor.com\/jujuy\/wp-json\/wp\/v2\/comments?post=15384"}],"version-history":[{"count":1,"href":"https:\/\/notinor.com\/jujuy\/wp-json\/wp\/v2\/posts\/15384\/revisions"}],"predecessor-version":[{"id":15386,"href":"https:\/\/notinor.com\/jujuy\/wp-json\/wp\/v2\/posts\/15384\/revisions\/15386"}],"wp:featuredmedia":[{"embeddable":true,"href":"https:\/\/notinor.com\/jujuy\/wp-json\/wp\/v2\/media\/15385"}],"wp:attachment":[{"href":"https:\/\/notinor.com\/jujuy\/wp-json\/wp\/v2\/media?parent=15384"}],"wp:term":[{"taxonomy":"category","embeddable":true,"href":"https:\/\/notinor.com\/jujuy\/wp-json\/wp\/v2\/categories?post=15384"},{"taxonomy":"post_tag","embeddable":true,"href":"https:\/\/notinor.com\/jujuy\/wp-json\/wp\/v2\/tags?post=15384"}],"curies":[{"name":"wp","href":"https:\/\/api.w.org\/{rel}","templated":true}]}}