{"id":15378,"date":"2015-02-06T02:25:54","date_gmt":"2015-02-06T05:25:54","guid":{"rendered":"http:\/\/notinor.com\/jujuy\/?p=15378"},"modified":"2015-02-06T02:25:54","modified_gmt":"2015-02-06T05:25:54","slug":"protesta-y-permanencia-de-ate-en-la-comision-municipal-de-barro-negro-por-despidos","status":"publish","type":"post","link":"https:\/\/notinor.com\/jujuy\/protesta-y-permanencia-de-ate-en-la-comision-municipal-de-barro-negro-por-despidos\/","title":{"rendered":"Protesta y permanencia de ATE en la Comisi\u00f3n Municipal de Barro Negro por despidos"},"content":{"rendered":"<p>Por \u00e9sta situaci\u00f3n ATE est\u00e1 acompa\u00f1ando a los trabajadores haciendo permanencia en el lugar, hasta que se resuelva la situaci\u00f3n.<\/p>\n<p>&nbsp;<\/p>\n<p>Seg\u00fan el acuerdo firmado en marzo del a\u00f1o pasado entre la Intersindical y el Gobierno, \u00a0se deber\u00eda mantener la continuidad laboral\u00a0\u00a0 \u00a0de todos los trabajadores provinciales y municipales, como ya se les hizo costumbre a la clase \u00a0gobernante de la provincia sigue incumpliendo y rompiendo acuerdos.<\/p>\n<p>&nbsp;<\/p>\n<p>La insensibilidad de la patronal estatal para la clase trabajadora no tiene l\u00edmites, ya que detr\u00e1s de todos esos despidos hay familias enteras que se quedan sin el sustento para poder sobrevivir.<\/p>\n","protected":false},"excerpt":{"rendered":"<p>Por \u00e9sta situaci\u00f3n ATE est\u00e1 acompa\u00f1ando a los trabajadores haciendo permanencia en el lugar, hasta que se resuelva la situaci\u00f3n. &nbsp; Seg\u00fan el acuerdo firmado en marzo del a\u00f1o pasado entre la Intersindical y el Gobierno, \u00a0se deber\u00eda mantener la continuidad laboral\u00a0\u00a0 \u00a0de todos los trabajadores provinciales y municipales, como ya se les hizo costumbre [&hellip;]<\/p>\n","protected":false},"author":1,"featured_media":15379,"comment_status":"open","ping_status":"open","sticky":false,"template":"","format":"standard","meta":{"_stopmodifiedupdate":false,"_modified_date":"","inline_featured_image":false,"spay_email":"","jetpack_publicize_message":""},"categories":[485],"tags":[],"jetpack_featured_media_url":"https:\/\/notinor.com\/jujuy\/wp-content\/uploads\/2015\/02\/ate_jujuy-e1472055732983.jpg","jetpack_publicize_connections":[],"_links":{"self":[{"href":"https:\/\/notinor.com\/jujuy\/wp-json\/wp\/v2\/posts\/15378"}],"collection":[{"href":"https:\/\/notinor.com\/jujuy\/wp-json\/wp\/v2\/posts"}],"about":[{"href":"https:\/\/notinor.com\/jujuy\/wp-json\/wp\/v2\/types\/post"}],"author":[{"embeddable":true,"href":"https:\/\/notinor.com\/jujuy\/wp-json\/wp\/v2\/users\/1"}],"replies":[{"embeddable":true,"href":"https:\/\/notinor.com\/jujuy\/wp-json\/wp\/v2\/comments?post=15378"}],"version-history":[{"count":1,"href":"https:\/\/notinor.com\/jujuy\/wp-json\/wp\/v2\/posts\/15378\/revisions"}],"predecessor-version":[{"id":15380,"href":"https:\/\/notinor.com\/jujuy\/wp-json\/wp\/v2\/posts\/15378\/revisions\/15380"}],"wp:featuredmedia":[{"embeddable":true,"href":"https:\/\/notinor.com\/jujuy\/wp-json\/wp\/v2\/media\/15379"}],"wp:attachment":[{"href":"https:\/\/notinor.com\/jujuy\/wp-json\/wp\/v2\/media?parent=15378"}],"wp:term":[{"taxonomy":"category","embeddable":true,"href":"https:\/\/notinor.com\/jujuy\/wp-json\/wp\/v2\/categories?post=15378"},{"taxonomy":"post_tag","embeddable":true,"href":"https:\/\/notinor.com\/jujuy\/wp-json\/wp\/v2\/tags?post=15378"}],"curies":[{"name":"wp","href":"https:\/\/api.w.org\/{rel}","templated":true}]}}