{"id":15366,"date":"2015-02-06T00:02:16","date_gmt":"2015-02-06T03:02:16","guid":{"rendered":"http:\/\/notinor.com\/jujuy\/?p=15366"},"modified":"2015-02-05T20:15:52","modified_gmt":"2015-02-05T23:15:52","slug":"carrio-denunciara-a-cristina-gils-carbo-milani-y-anibal-fernandez-por-encubrir-el-asesinato-de-nisman","status":"publish","type":"post","link":"https:\/\/notinor.com\/jujuy\/carrio-denunciara-a-cristina-gils-carbo-milani-y-anibal-fernandez-por-encubrir-el-asesinato-de-nisman\/","title":{"rendered":"Carri\u00f3 denunciar\u00e1 a Cristina, Gils Carb\u00f3, Milani y An\u00edbal Fern\u00e1ndez por encubrir el asesinato de Nisman"},"content":{"rendered":"<p>La diputada nacional por la Coalici\u00f3n C\u00edvica Elisa Carri\u00f3 denunciar\u00e1 penalmente ma\u00f1ana a la presidente de la Naci\u00f3n, Cristina Kirchner ; a la procuradora general de la Naci\u00f3n, Alejandra Gils Carb\u00f3 ; al General C\u00e9sar Milani ; y al secretario general de la Presidencia, An\u00edbal Fern\u00e1ndez , por haber incurrido en los delitos de encubrimiento del crimen del fiscal Alberto Nisman .<\/p>\n<p>Adem\u00e1s, la denuncia es por realizar inteligencia ilegal; atentado a la autoridad por estorbo al acto funcional; abuso de autoridad; omisi\u00f3n de denuncia; intromisiones graves en el desempe\u00f1o del Poder Judicial; violaci\u00f3n del principio constitucional de la divisi\u00f3n de poderes, por presionar de manera mafiosa a los fiscales e incluso habiendo podido realizar operativos de inteligencia que pueden haber sido responsables del asesinato de Nisman, y asociaci\u00f3n il\u00edcita para la comisi\u00f3n de estos delitos. \"Desde el Poder Ejecutivo se ha alterado de hecho el orden constitucional, mediante la implantaci\u00f3n de pistas falsas en la investigaci\u00f3n\", asegura el escrito que ser\u00e1 presentado ma\u00f1ana.<\/p>\n<p>En su denuncia, que ser\u00e1 presentada ma\u00f1ana por el diputado nacional Fernando S\u00e1nchez en los Tribunales de Comodoro Py, Carri\u00f3 afirma que \"debe investigarse la participaci\u00f3n en el crimen del fiscal Nisman, de una rama de la Polic\u00eda Federal, a cargo de Fern\u00e1ndez, la posible producci\u00f3n de pistas falsas por parte de los investigadores y la existencia de una \u00b4zona liberada' propicia para el homicidio del fiscal\".<\/p>\n<p>\"Pesa sobre la Procuradora General, la responsabilidad de no haber preservado la vida de uno de sus hombres, un fiscal de la Naci\u00f3n amenazado, tanto como la constante persecuci\u00f3n de fiscales independientes y una inadmisible presi\u00f3n sobre la fiscal a cargo de la investigaci\u00f3n de la muerte de Nisman, Viviana Fein\", sostiene la legisladora de la CC en su presentaci\u00f3n.<\/p>\n<p>\"Todo esto ocurre mientras la Presidenta esgrime, en cadena nacional, sus certezas sobre el asesinato de un fiscal de la Naci\u00f3n, sin hacer la denuncia que le corresponde de acuerdo a lo que se\u00f1ala la Constituci\u00f3n Nacional\", agrega Carri\u00f3.<\/p>\n<p>\"Es sabido que el Gobierno tiene gente capaz de asesinar por encargo, uno es Milani, por lo que surge de las denuncias sobre su participaci\u00f3n en la represi\u00f3n en Tucum\u00e1n y la desaparici\u00f3n del soldado Ledo, durante la Dictadura; y otro es Fern\u00e1ndez, dados sus v\u00ednculos con el triple crimen mafioso de General Rodriguez\", manifest\u00f3 Carri\u00f3.<\/p>\n","protected":false},"excerpt":{"rendered":"<p>La diputada nacional por la Coalici\u00f3n C\u00edvica Elisa Carri\u00f3 denunciar\u00e1 penalmente ma\u00f1ana a la presidente de la Naci\u00f3n, Cristina Kirchner ; a la procuradora general de la Naci\u00f3n, Alejandra Gils Carb\u00f3 ; al General C\u00e9sar Milani ; y al secretario general de la Presidencia, An\u00edbal Fern\u00e1ndez , por haber incurrido en los delitos de encubrimiento [&hellip;]<\/p>\n","protected":false},"author":1,"featured_media":13523,"comment_status":"open","ping_status":"open","sticky":false,"template":"","format":"standard","meta":{"_stopmodifiedupdate":false,"_modified_date":"","inline_featured_image":false,"spay_email":"","jetpack_publicize_message":""},"categories":[5],"tags":[],"jetpack_featured_media_url":"https:\/\/notinor.com\/jujuy\/wp-content\/uploads\/2015\/01\/carrio-nisman.jpg","jetpack_publicize_connections":[],"_links":{"self":[{"href":"https:\/\/notinor.com\/jujuy\/wp-json\/wp\/v2\/posts\/15366"}],"collection":[{"href":"https:\/\/notinor.com\/jujuy\/wp-json\/wp\/v2\/posts"}],"about":[{"href":"https:\/\/notinor.com\/jujuy\/wp-json\/wp\/v2\/types\/post"}],"author":[{"embeddable":true,"href":"https:\/\/notinor.com\/jujuy\/wp-json\/wp\/v2\/users\/1"}],"replies":[{"embeddable":true,"href":"https:\/\/notinor.com\/jujuy\/wp-json\/wp\/v2\/comments?post=15366"}],"version-history":[{"count":1,"href":"https:\/\/notinor.com\/jujuy\/wp-json\/wp\/v2\/posts\/15366\/revisions"}],"predecessor-version":[{"id":15367,"href":"https:\/\/notinor.com\/jujuy\/wp-json\/wp\/v2\/posts\/15366\/revisions\/15367"}],"wp:featuredmedia":[{"embeddable":true,"href":"https:\/\/notinor.com\/jujuy\/wp-json\/wp\/v2\/media\/13523"}],"wp:attachment":[{"href":"https:\/\/notinor.com\/jujuy\/wp-json\/wp\/v2\/media?parent=15366"}],"wp:term":[{"taxonomy":"category","embeddable":true,"href":"https:\/\/notinor.com\/jujuy\/wp-json\/wp\/v2\/categories?post=15366"},{"taxonomy":"post_tag","embeddable":true,"href":"https:\/\/notinor.com\/jujuy\/wp-json\/wp\/v2\/tags?post=15366"}],"curies":[{"name":"wp","href":"https:\/\/api.w.org\/{rel}","templated":true}]}}