{"id":15363,"date":"2015-02-06T00:01:44","date_gmt":"2015-02-06T03:01:44","guid":{"rendered":"http:\/\/notinor.com\/jujuy\/?p=15363"},"modified":"2015-02-05T20:13:31","modified_gmt":"2015-02-05T23:13:31","slug":"cristina-releva-a-stiuso-del-deber-del-secreto-y-lo-fuerza-a-presentarse-ante-fein","status":"publish","type":"post","link":"https:\/\/notinor.com\/jujuy\/cristina-releva-a-stiuso-del-deber-del-secreto-y-lo-fuerza-a-presentarse-ante-fein\/","title":{"rendered":"Cristina releva a Stiuso del deber del secreto y lo fuerza a presentarse ante Fein"},"content":{"rendered":"<p>El titular de la Secretar\u00eda de Inteligencia, Oscar Parrilli, asegur\u00f3 este mediod\u00eda que se le remitir\u00e1 a la fiscal Viviana Fein una orden de que se releve la obligaci\u00f3n de guardar secreto al ex agente Antonio Stiuso para que pueda testificar en la causa por la muerte de Alberto Nisman.<\/p>\n<p>\"La Presidenta dio la directiva de que vamos a relevar al se\u00f1or Stiuso de la obligaci\u00f3n de guardar secreto desde el '72 cuando ingreso a la SIDE hasta el 5 de enero 2015, cuando obtuvo la jubilaci\u00f3n ordinaria\", sostuvo Parrilli tras recordar que el esp\u00eda ya no pertenece a la secretar\u00eda que comanda.<\/p>\n<p>Tras participar de la Comisi\u00f3n Bicameral de Control de los Organismos de Inteligencia, el funcionario sostuvo que la Presidenta \"quiere la mayor transparencia y la mayor libertad para que se investigue\" el caso de la muerte de Nisman.<\/p>\n<p>Parrilli sostuvo que la Secretar\u00eda de Inteligencia le notificar\u00e1 de inmediato la novedad a Fein, quien hoy hab\u00eda citado a Stiuso a indagatoria en relaci\u00f3n a la causa que investiga la muerte del fiscal Nisman.<\/p>\n<p>\u201cSon 30 a\u00f1os de democracia y lo de Stiuso tiene que ver con mucho, no solamente con pol\u00edticos, tiene que ver con empresarios, con medios de comunicaci\u00f3n. Por eso la Presidenta quiere que se sepa toda la verdad y que se cuente todo, de 1972 hasta ac\u00e1\u201d, sever\u00f3 el funcionario.<\/p>\n<p>Consultado sobre las razones por las que no se avanz\u00f3 antes en la transparencia del funcionamiento del organismo de Inteligencia, Parrilli asegur\u00f3 que \u201chemos estado 12 a\u00f1os en el gobierno no mirando al cielo sin hacer nada\u201d y rechaz\u00f3 la sugerencia de que se apuran medidas a poco de dejar el poder al apuntar que \u201cestamos convencidos que no nos quedan 9 meses de gesti\u00f3n, nos quedan 9 meses de gesti\u00f3n y cuatro a\u00f1os m\u00e1s\u201d.<\/p>\n<p>Respecto de la frustrada citaci\u00f3n de Stiuso que hizo Fein para hoy, el titular de la SI cont\u00f3 que ayer recibi\u00f3 el pedido de la fiscal para que el ex esp\u00eda se presentase a las 11 en la sede de la fiscal\u00eda, pese a que ya no pertenece al organismo.<\/p>\n<p>De todos modos, para colaborar con la fiscal y la investigaci\u00f3n, Parrilli relat\u00f3 que oficiales de la SI entre anoche y esta ma\u00f1ana fueron \u201ca tres domicilios que el se\u00f1or Stiuso hab\u00eda denunciado como propios y en ninguno de los domicilios encontramos a ninguna persona que nos pueda recibir la notificaci\u00f3n y, adem\u00e1s, nos dijeron que no lo conoc\u00edan\u201d.<\/p>\n<p>Parrilli concurri\u00f3 junto al subdirector de la SI, Juan Mart\u00edn Mena, a la reuni\u00f3n de la bicameral encargada de hacer el seguimiento de los organismos de Inteligencia que se reuni\u00f3 bajo la presidencia de la diputada Mar\u00eda Teresa Garc\u00eda (FPV), que tiene que opinar, en forma no vinculante, sobre la reforma de la ley de Inteligencia que analiza el Senado.<\/p>\n<p>La reuni\u00f3n fue secreta pero Parrilli dijo, una vez finalizada, que durante el encuentro, al que asisti\u00f3 la oposici\u00f3n, se han \u201csacado todos los fantasmas y cucos que existen\u201d y se acord\u00f3 en volver a reunirse \u201ctodas las veces que sean necesarias\u201d.<\/p>\n<p>\u201cLo que queremos es que los servicios de Inteligencia sirvan para la seguridad y defensa de los argentinos\u201d, insisti\u00f3 y acot\u00f3 que \u201cla directiva que tenemos de la presidenta de la Naci\u00f3n es la de trabajar en conjunto\u201d, incluso con la oposici\u00f3n porque la cuesti\u00f3n \u201cexcede el marco de un partido\u201d, remarc\u00f3.<br \/>\nPor la oposici\u00f3n concurrieron los senadores Juan Carlos Marino y los diputados Miguel Bazze y Oscar Aguad por la UCR; Oscar Castillo del Frente C\u00edvico de Catamarca ligado al radicalismo; y por el PRO, Silvia Majdalani.<\/p>\n<p>Castillo, rodeado por los legisladores radicales, inform\u00f3 luego a la prensa que en la reuni\u00f3n se le present\u00f3 al oficialismo un documento suscripto por los bloques opositores en el que se ratifica la posici\u00f3n de no prestarse a un debate de un proyecto que ve como \u201calgo cosm\u00e9tico\u201d.<\/p>\n<p>A su vez, se le comunic\u00f3 al kirchnerismo que la oposici\u00f3n exige que la bicameral tenga control de la oposici\u00f3n; el director y subdirector de la futura Agencia Federal de Inteligencia (AFI) sean aprobados con dos tercios del Senado y que participe en el control presupuestario la Auditor\u00eda General de la Naci\u00f3n, entre otros que fueron anunciados el martes \u00faltimo.<\/p>\n<p>Castillo precis\u00f3 que el mi\u00e9rcoles pr\u00f3ximo el arco opositor realizar\u00e1 una nueva reuni\u00f3n para analizar su estrategia, previa al tratamiento el jueves del proyecto de creaci\u00f3n de la AFI en el Senado.<\/p>\n","protected":false},"excerpt":{"rendered":"<p>El titular de la Secretar\u00eda de Inteligencia, Oscar Parrilli, asegur\u00f3 este mediod\u00eda que se le remitir\u00e1 a la fiscal Viviana Fein una orden de que se releve la obligaci\u00f3n de guardar secreto al ex agente Antonio Stiuso para que pueda testificar en la causa por la muerte de Alberto Nisman. \"La Presidenta dio la directiva [&hellip;]<\/p>\n","protected":false},"author":1,"featured_media":15364,"comment_status":"open","ping_status":"open","sticky":false,"template":"","format":"standard","meta":{"_stopmodifiedupdate":false,"_modified_date":"","inline_featured_image":false,"spay_email":"","jetpack_publicize_message":""},"categories":[5],"tags":[],"jetpack_featured_media_url":"https:\/\/notinor.com\/jujuy\/wp-content\/uploads\/2015\/02\/parrilli-stiusso.jpg","jetpack_publicize_connections":[],"_links":{"self":[{"href":"https:\/\/notinor.com\/jujuy\/wp-json\/wp\/v2\/posts\/15363"}],"collection":[{"href":"https:\/\/notinor.com\/jujuy\/wp-json\/wp\/v2\/posts"}],"about":[{"href":"https:\/\/notinor.com\/jujuy\/wp-json\/wp\/v2\/types\/post"}],"author":[{"embeddable":true,"href":"https:\/\/notinor.com\/jujuy\/wp-json\/wp\/v2\/users\/1"}],"replies":[{"embeddable":true,"href":"https:\/\/notinor.com\/jujuy\/wp-json\/wp\/v2\/comments?post=15363"}],"version-history":[{"count":1,"href":"https:\/\/notinor.com\/jujuy\/wp-json\/wp\/v2\/posts\/15363\/revisions"}],"predecessor-version":[{"id":15365,"href":"https:\/\/notinor.com\/jujuy\/wp-json\/wp\/v2\/posts\/15363\/revisions\/15365"}],"wp:featuredmedia":[{"embeddable":true,"href":"https:\/\/notinor.com\/jujuy\/wp-json\/wp\/v2\/media\/15364"}],"wp:attachment":[{"href":"https:\/\/notinor.com\/jujuy\/wp-json\/wp\/v2\/media?parent=15363"}],"wp:term":[{"taxonomy":"category","embeddable":true,"href":"https:\/\/notinor.com\/jujuy\/wp-json\/wp\/v2\/categories?post=15363"},{"taxonomy":"post_tag","embeddable":true,"href":"https:\/\/notinor.com\/jujuy\/wp-json\/wp\/v2\/tags?post=15363"}],"curies":[{"name":"wp","href":"https:\/\/api.w.org\/{rel}","templated":true}]}}