{"id":15347,"date":"2015-02-06T00:03:02","date_gmt":"2015-02-06T03:03:02","guid":{"rendered":"http:\/\/notinor.com\/jujuy\/?p=15347"},"modified":"2015-02-05T19:30:09","modified_gmt":"2015-02-05T22:30:09","slug":"personas-buscadas-47","status":"publish","type":"post","link":"https:\/\/notinor.com\/jujuy\/personas-buscadas-47\/","title":{"rendered":"PERSONAS BUSCADAS"},"content":{"rendered":"<p>ARIANA NAHIR CHAVARRIA, de 13 a\u00f1os de edad con domicilio en barrio El Progreso de esta ciudad, la cual se ausenta desde el d\u00eda 03 de febrero del corriente a\u00f1o.<\/p>\n<p>La protagonista responder\u00eda a los siguientes datos filiatorios: tez blanca, estatura 1.65 metros aproximadamente, contextura f\u00edsica delgada, con la particularidad de poseer tatuajes en partes del cuerpo.<\/p>\n<p>MANUEL MU\u00d1OZ CHAPUR, de 16 de a\u00f1os con domicilio en barrio Coronel Arias de esta ciudad, el cual se ausenta desde el d\u00eda 2 de febrero del corriente a\u00f1o.<\/p>\n<p>El protagonista responde los siguientes datos filiatorios: estatura 1.70 metros aproximadamente, cabellos cortos color casta\u00f1o, contextura f\u00edsica robusta. Al momento de ausentarse vest\u00eda pantal\u00f3n color azul, remera rayada y zapatillas color blanco.<\/p>\n<p>LUCIA CABRERA MONCALVO, de 12 a\u00f1os de edad y GRACIELA SUSANA CARDOZO, de 60 a\u00f1os de edad con domicilio en barrio Chijra de esta ciudad, quienes se ausentan desde el d\u00eda 20 de diciembre de 2014.Las protagonistas responden a los siguientes datos filiatorios: LUCIA: tez blanca, contextura f\u00edsica delgada, cabello color casta\u00f1o, estatura 1.60 metros aproximadamente, GRACIELA: tez blanca, contextura f\u00edsica delgada, cabello corto te\u00f1ido de color rubio, con la particularidad de usar anteojos de forma permanente.<\/p>\n<p>PEDRO RAFAEL SUBELZA, de 38 a\u00f1os de edad con domicilio en barrio Chijra de esta ciudad, el cual se ausenta desde el d\u00eda 03 de febrero del corriente a\u00f1o.<\/p>\n<p>El protagonista responde a los siguientes datos filiatorios: tez morena, contextura f\u00edsica normal, estatura 1.75 metros aproximadamente, cabello corto color negro. Al momento de ausentarse vest\u00eda pantal\u00f3n y remera jeans.<\/p>\n<p>&nbsp;<\/p>\n","protected":false},"excerpt":{"rendered":"<p>ARIANA NAHIR CHAVARRIA, de 13 a\u00f1os de edad con domicilio en barrio El Progreso de esta ciudad, la cual se ausenta desde el d\u00eda 03 de febrero del corriente a\u00f1o. La protagonista responder\u00eda a los siguientes datos filiatorios: tez blanca, estatura 1.65 metros aproximadamente, contextura f\u00edsica delgada, con la particularidad de poseer tatuajes en partes [&hellip;]<\/p>\n","protected":false},"author":1,"featured_media":13785,"comment_status":"open","ping_status":"open","sticky":false,"template":"","format":"standard","meta":{"_stopmodifiedupdate":false,"_modified_date":"","inline_featured_image":false,"spay_email":"","jetpack_publicize_message":""},"categories":[3],"tags":[],"jetpack_featured_media_url":"https:\/\/notinor.com\/jujuy\/wp-content\/uploads\/2015\/01\/SE-BUSCA2.jpg","jetpack_publicize_connections":[],"_links":{"self":[{"href":"https:\/\/notinor.com\/jujuy\/wp-json\/wp\/v2\/posts\/15347"}],"collection":[{"href":"https:\/\/notinor.com\/jujuy\/wp-json\/wp\/v2\/posts"}],"about":[{"href":"https:\/\/notinor.com\/jujuy\/wp-json\/wp\/v2\/types\/post"}],"author":[{"embeddable":true,"href":"https:\/\/notinor.com\/jujuy\/wp-json\/wp\/v2\/users\/1"}],"replies":[{"embeddable":true,"href":"https:\/\/notinor.com\/jujuy\/wp-json\/wp\/v2\/comments?post=15347"}],"version-history":[{"count":1,"href":"https:\/\/notinor.com\/jujuy\/wp-json\/wp\/v2\/posts\/15347\/revisions"}],"predecessor-version":[{"id":15348,"href":"https:\/\/notinor.com\/jujuy\/wp-json\/wp\/v2\/posts\/15347\/revisions\/15348"}],"wp:featuredmedia":[{"embeddable":true,"href":"https:\/\/notinor.com\/jujuy\/wp-json\/wp\/v2\/media\/13785"}],"wp:attachment":[{"href":"https:\/\/notinor.com\/jujuy\/wp-json\/wp\/v2\/media?parent=15347"}],"wp:term":[{"taxonomy":"category","embeddable":true,"href":"https:\/\/notinor.com\/jujuy\/wp-json\/wp\/v2\/categories?post=15347"},{"taxonomy":"post_tag","embeddable":true,"href":"https:\/\/notinor.com\/jujuy\/wp-json\/wp\/v2\/tags?post=15347"}],"curies":[{"name":"wp","href":"https:\/\/api.w.org\/{rel}","templated":true}]}}