{"id":15342,"date":"2015-02-06T00:01:57","date_gmt":"2015-02-06T03:01:57","guid":{"rendered":"http:\/\/notinor.com\/jujuy\/?p=15342"},"modified":"2015-02-05T19:18:23","modified_gmt":"2015-02-05T22:18:23","slug":"merodeador-aprehendido-en-el-hospital-soria","status":"publish","type":"post","link":"https:\/\/notinor.com\/jujuy\/merodeador-aprehendido-en-el-hospital-soria\/","title":{"rendered":"MERODEADOR APREHENDIDO EN EL HOSPITAL SORIA"},"content":{"rendered":"<p>El procedimiento se concret\u00f3 durante la tarde del mi\u00e9rcoles, alrededor de las 16:50 aproximadamente, cuando los polic\u00edas del citado cuerpo especial realizaban recorridos de prevenci\u00f3n y seguridad por arterias del centro de la ciudad.<\/p>\n<p>En esas circunstancias al encontrarse en inmediaciones del Parque San Martin, m\u00e1s precisamente sobre calle G\u00fcemes, uno de los uniformados observo a un sujeto merodeando en actitud sospechosa por la zona.<\/p>\n<p>Ante esta situaci\u00f3n el personal policial tras una r\u00e1pida intervenci\u00f3n intercept\u00f3 y demor\u00f3 al individuo en el lugar, seguidamente se procedi\u00f3 a realizar la requisa personal al sospechoso, secuestrando \"munici\u00f3n de guerra\" la cual se hallaba entre sus prendas de vestir.<\/p>\n<p>Debido a esto personal de la fuerza de seguridad procedi\u00f3 al traslado del protagonista, hacia la Comisar\u00eda Seccional N\u00b01, con sede en calle Arenales, donde qued\u00f3 alojado a disposici\u00f3n de la justicia a cargo del Fiscal de turno Dr. Bosatti.<\/p>\n","protected":false},"excerpt":{"rendered":"<p>El procedimiento se concret\u00f3 durante la tarde del mi\u00e9rcoles, alrededor de las 16:50 aproximadamente, cuando los polic\u00edas del citado cuerpo especial realizaban recorridos de prevenci\u00f3n y seguridad por arterias del centro de la ciudad. En esas circunstancias al encontrarse en inmediaciones del Parque San Martin, m\u00e1s precisamente sobre calle G\u00fcemes, uno de los uniformados observo [&hellip;]<\/p>\n","protected":false},"author":1,"featured_media":6490,"comment_status":"open","ping_status":"open","sticky":false,"template":"","format":"standard","meta":{"_stopmodifiedupdate":false,"_modified_date":"","inline_featured_image":false,"spay_email":"","jetpack_publicize_message":""},"categories":[3],"tags":[],"jetpack_featured_media_url":"https:\/\/notinor.com\/jujuy\/wp-content\/uploads\/2014\/11\/hospital-pablo-soria.jpg","jetpack_publicize_connections":[],"_links":{"self":[{"href":"https:\/\/notinor.com\/jujuy\/wp-json\/wp\/v2\/posts\/15342"}],"collection":[{"href":"https:\/\/notinor.com\/jujuy\/wp-json\/wp\/v2\/posts"}],"about":[{"href":"https:\/\/notinor.com\/jujuy\/wp-json\/wp\/v2\/types\/post"}],"author":[{"embeddable":true,"href":"https:\/\/notinor.com\/jujuy\/wp-json\/wp\/v2\/users\/1"}],"replies":[{"embeddable":true,"href":"https:\/\/notinor.com\/jujuy\/wp-json\/wp\/v2\/comments?post=15342"}],"version-history":[{"count":1,"href":"https:\/\/notinor.com\/jujuy\/wp-json\/wp\/v2\/posts\/15342\/revisions"}],"predecessor-version":[{"id":15343,"href":"https:\/\/notinor.com\/jujuy\/wp-json\/wp\/v2\/posts\/15342\/revisions\/15343"}],"wp:featuredmedia":[{"embeddable":true,"href":"https:\/\/notinor.com\/jujuy\/wp-json\/wp\/v2\/media\/6490"}],"wp:attachment":[{"href":"https:\/\/notinor.com\/jujuy\/wp-json\/wp\/v2\/media?parent=15342"}],"wp:term":[{"taxonomy":"category","embeddable":true,"href":"https:\/\/notinor.com\/jujuy\/wp-json\/wp\/v2\/categories?post=15342"},{"taxonomy":"post_tag","embeddable":true,"href":"https:\/\/notinor.com\/jujuy\/wp-json\/wp\/v2\/tags?post=15342"}],"curies":[{"name":"wp","href":"https:\/\/api.w.org\/{rel}","templated":true}]}}