{"id":153319,"date":"2018-01-09T17:48:50","date_gmt":"2018-01-09T20:48:50","guid":{"rendered":"http:\/\/notinor.com\/jujuy\/?p=153319"},"modified":"2018-01-10T11:36:45","modified_gmt":"2018-01-10T14:36:45","slug":"inicio-el-levantamiento-de-quioscos-adyacente-al-puente-lavalle","status":"publish","type":"post","link":"https:\/\/notinor.com\/jujuy\/inicio-el-levantamiento-de-quioscos-adyacente-al-puente-lavalle\/","title":{"rendered":"Inici\u00f3 el levantamiento de quioscos adyacente al Puente Lavalle"},"content":{"rendered":"<p><img decoding=\"async\" loading=\"lazy\" class=\"size-full wp-image-153322 aligncenter\" src=\"http:\/\/notinor.com\/jujuy\/wp-content\/uploads\/2018\/01\/Recuperaci\u00f3n-del-espacio-p\u00fablico-2.jpg\" alt=\"\" width=\"750\" height=\"497\" \/><\/p>\n<p>En la esquina de avenida 19 de Abril y Lavalle exist\u00edan tres quioscos, algunos de material y otros m\u00e1s precarios con los cuales se logr\u00f3 un acuerdo, pese a que hubo una acci\u00f3n legal por parte de uno de los afectados. Cabe resalar que en este caso no se pagaba el c\u00e1non hace m\u00e1s de diez a\u00f1os, sin embargo quer\u00eda quedarse y fue all\u00ed donde a la Justicia actu\u00f3, teniendo presente que el espacio p\u00fablico es de todos y todos debemos respetarlo.<\/p>\n<p>Empleados dependientes de la Subsecretaria de Fiscalizaci\u00f3n y Control que responde a la Secretaria de Gobierno, procedieron en la v\u00edspera a levantar los quioscos existentes en las intersecciones de Lavalle y 19 de Abril y el fin de semana venidero, se proceder\u00e1 a la erradicaci\u00f3n de los quioscos instalados entre Hip\u00f3lito Yrigoyen y Lavalle.<\/p>\n<p>El Dr. Gast\u00f3n Mill\u00f3n secretario de Gobierno explic\u00f3, \"la medida se adopt\u00f3 a pedido de la empresa que construye el Parque Xibi Xibi\" ya que en las esquinas del puente se construir\u00e1n escalera y rampas de accesibilidad al Parque\".<\/p>\n<p>Asimismo anunci\u00f3 que el fin de semana venidero se proceder\u00e1 sobre los quiscos instalados en esquina Lavalle y Dorrego, que ser\u00eda el otro extremo del puente.<\/p>\n<p>Las actuaciones tambi\u00e9n se hicieron cobre calle Dorrego, donde el secretario Mill\u00f3n aclar\u00f3; \"se trat\u00f3 de un quiosco que se instal\u00f3 ilegalmente y que perturbaba la rampa para personas con discapacidad, esto fue hecho p\u00fablico y en virtud de ello hemos actuado previa notificaci\u00f3n pertinente\". Sobre este tema, debemos aclarar que desde el municipio se viene trabajando mediante campa\u00f1as y diversas obras a fin de concientizar y brindar comodidad a las personas con discapacidad, ya que desde el intendente se trabaja en un municipio inclusivo.<\/p>\n<p>Finalmente consider\u00f3 Mill\u00f3n, \"esto muestra nuestra constante preocupaci\u00f3n por la inclusi\u00f3n social, no puede ser que el espacio p\u00fablico se vea perturbada al tr\u00e1nsito peatonal, la ciudad tiene que ser amigable y en eso estamos\".<\/p>\n<p>&nbsp;<\/p>\n<p>&nbsp;<\/p>\n<p>&nbsp;<\/p>\n","protected":false},"excerpt":{"rendered":"<p>En la esquina de avenida 19 de Abril y Lavalle exist\u00edan tres quioscos, algunos de material y otros m\u00e1s precarios con los cuales se logr\u00f3 un acuerdo, pese a que hubo una acci\u00f3n legal por parte de uno de los afectados. Cabe resalar que en este caso no se pagaba el c\u00e1non hace m\u00e1s de [&hellip;]<\/p>\n","protected":false},"author":5,"featured_media":153321,"comment_status":"open","ping_status":"open","sticky":false,"template":"","format":"standard","meta":{"_stopmodifiedupdate":false,"_modified_date":"","inline_featured_image":false,"spay_email":"","jetpack_publicize_message":""},"categories":[514,489],"tags":[],"jetpack_featured_media_url":"https:\/\/notinor.com\/jujuy\/wp-content\/uploads\/2018\/01\/Recuperaci\u00f3n-del-espacio-p\u00fablico-3.jpg","jetpack_publicize_connections":[],"_links":{"self":[{"href":"https:\/\/notinor.com\/jujuy\/wp-json\/wp\/v2\/posts\/153319"}],"collection":[{"href":"https:\/\/notinor.com\/jujuy\/wp-json\/wp\/v2\/posts"}],"about":[{"href":"https:\/\/notinor.com\/jujuy\/wp-json\/wp\/v2\/types\/post"}],"author":[{"embeddable":true,"href":"https:\/\/notinor.com\/jujuy\/wp-json\/wp\/v2\/users\/5"}],"replies":[{"embeddable":true,"href":"https:\/\/notinor.com\/jujuy\/wp-json\/wp\/v2\/comments?post=153319"}],"version-history":[{"count":1,"href":"https:\/\/notinor.com\/jujuy\/wp-json\/wp\/v2\/posts\/153319\/revisions"}],"predecessor-version":[{"id":153323,"href":"https:\/\/notinor.com\/jujuy\/wp-json\/wp\/v2\/posts\/153319\/revisions\/153323"}],"wp:featuredmedia":[{"embeddable":true,"href":"https:\/\/notinor.com\/jujuy\/wp-json\/wp\/v2\/media\/153321"}],"wp:attachment":[{"href":"https:\/\/notinor.com\/jujuy\/wp-json\/wp\/v2\/media?parent=153319"}],"wp:term":[{"taxonomy":"category","embeddable":true,"href":"https:\/\/notinor.com\/jujuy\/wp-json\/wp\/v2\/categories?post=153319"},{"taxonomy":"post_tag","embeddable":true,"href":"https:\/\/notinor.com\/jujuy\/wp-json\/wp\/v2\/tags?post=153319"}],"curies":[{"name":"wp","href":"https:\/\/api.w.org\/{rel}","templated":true}]}}