{"id":153257,"date":"2018-01-09T16:07:49","date_gmt":"2018-01-09T19:07:49","guid":{"rendered":"http:\/\/notinor.com\/jujuy\/?p=153257"},"modified":"2018-01-10T10:56:59","modified_gmt":"2018-01-10T13:56:59","slug":"polemica-por-la-politizacion-de-la-marcha-por-matias-puca","status":"publish","type":"post","link":"https:\/\/notinor.com\/jujuy\/polemica-por-la-politizacion-de-la-marcha-por-matias-puca\/","title":{"rendered":"Pol\u00e9mica por la \u201cpolitizaci\u00f3n\u201d de la Marcha por Mat\u00edas Puca"},"content":{"rendered":"<p>&nbsp;<\/p>\n<p><img decoding=\"async\" loading=\"lazy\" class=\"alignnone size-full wp-image-153462\" src=\"http:\/\/notinor.com\/jujuy\/wp-content\/uploads\/2018\/01\/politizacion.jpg\" alt=\"\" width=\"390\" height=\"338\" \/><\/p>\n<p>Luego de que la Asociaci\u00f3n Estrellas Amarillas, que nuclea a familiares de v\u00edctimas de accidentes de tr\u00e1nsito de la provincia, cancelara la convocatoria a marchar exigiendo justicia por m\u00e1s de veinte casos, entre ellos el del joven carrocero Mat\u00edas Puca, aduciendo la politizaci\u00f3n de la marcha y anunciando posibles disturbios, los referentes de estos partidos y agrupaciones pol\u00edticas a los que se se\u00f1al\u00f3 desde la asociaci\u00f3n salieron a responder dichas denuncias.<\/p>\n<p>En una charla con Nuestro medio, Julia Maigua, referente de Estrellas Amarillas declar\u00f3 que su grupo \u201cse baj\u00f3 de la marcha\u201d por la politizaci\u00f3n a la que la quieren llevar ciertos grupos. En este sentido se\u00f1al\u00f3 que hoy \u201cva a haber disturbios por parte de La Campora, La Izquierda y la Juventud Peronista\u201d.<\/p>\n<p>Maigua vaticin\u00f3 que estos grupos pol\u00edticos \u201cquieren hacer del caso de Mat\u00edas Puca un caso como el de Santiago Maldonado\u201d.<\/p>\n<h2>\n<strong>LAS RESPUESTAS NO SE HICIERON ESPERAR<\/strong><\/h2>\n<p>El primero en salir al cruce fue <strong>Alejandro Vilca, del Frente de Izquierda<\/strong>, quien manifest\u00f3 que \u201cla situaci\u00f3n como se ha dado ya se ha politizado porque se encuentra envuelto en el caso un funcionario del gobierno, y la demora de la justicia en resolverlo enturbia m\u00e1s la situaci\u00f3n\u201d<\/p>\n<p>Seg\u00fan Vilca \u201chay muchos hechos que causan dudas poniendo en el foco de la cuesti\u00f3n al Gobierno y sus funcionarios, esto ya est\u00e1 politizado\u201d declar\u00f3 y asegur\u00f3 \u201cnosotros solo hacemos una acci\u00f3n de apoyo y nos ponemos al servicio de la familia\u201d.<\/p>\n<p>Por su parte,<strong> I\u00f1aki Aldasoro del Partido Obrero-Frente de Izquierda,<\/strong> destac\u00f3 que \u201cest\u00e1n usando el Caso de Mat\u00edas Puca para generar un prejuicio contra las organizaciones sociales y de Izquierda que se han movilizado siempre contra todos los casos de impunidad\u201d.<\/p>\n<p>\u201cNosotros somos partidarios de marchar en todas las movilizaciones con nuestras propias consignas pol\u00edticas y con la identificaci\u00f3n de nuestra fuerza. Toda lucha contra la impunidad es una lucha pol\u00edtica y es una lucha de posiciones\u201d sostuvo Aldasoro.<\/p>\n<p>El diputado asegur\u00f3 que \u201cal esconderse, ciertos grupos u asociaciones, detr\u00e1s de un prejuicio a los partidos pol\u00edticos y a las posiciones pol\u00edticas. terminan siempre siendo caldo de cultivo de una cooptaci\u00f3n del movimiento por alg\u00fan Gobierno\u201d.<\/p>\n<p>Aldasoro concluy\u00f3 explicando su rechazo a que se quiera hacer una comparaci\u00f3n de los problemas de los disturbios con la Izquierda, \u201ceso es una provocaci\u00f3n y un ataque a las organizaciones que luchamos; el Partido Obrero se movilizo ante todos los casos de impunidad que hubo en la provincia\u201d se\u00f1al\u00f3.<\/p>\n<p>En cuanto a <strong>la referente de La Campora, Leila Chaher<\/strong>, manifest\u00f3: \u201ca nosotros estas declaraciones nos parecen lamentables por dos motivos, principalmente por la intencionalidad de despolitizar el caso de Mat\u00edas que ya est\u00e1 politizado desde el primer momento en que est\u00e1 imputado un funcionario del gobierno provincial\u201d.<\/p>\n<p>\u201cY por otro lado est\u00e1 el problema de querer siempre asociar a la militancia pol\u00edtica con la violencia\u201d a\u00f1adi\u00f3 Chaher.<\/p>\n<p>La joven referente, adem\u00e1s apunt\u00f3 que \u201cpensar que militantes pol\u00edticos que van a acompa\u00f1ar a la madre de Mat\u00edas Puca puedan generar disturbios demuestra una gran ignorancia porque no se puede vincular siempre a la pol\u00edtica con la violencia cuando, todo\u00a0lo contrario, en democracia la expresi\u00f3n de los partidos pol\u00edticos en estos casos es lo correcto\u201d.<\/p>\n<p>Chaher finaliz\u00f3 \u201cmientras m\u00e1s gente, partidos y organizaciones se apropien del caso de este Juje\u00f1o y puedan ejercer presi\u00f3n social para resolver el caso, es bienvenido\u201d.<\/p>\n<p>Todas las agrupaciones manifestaron que acompa\u00f1aran esta tarde a la familia de Matias Puca con el objeto de exigir justicia y una pronta resoluci\u00f3n del caso, a pesar de la ausencia de Estrellas Amarillas.<\/p>\n","protected":false},"excerpt":{"rendered":"<p>&nbsp; Luego de que la Asociaci\u00f3n Estrellas Amarillas, que nuclea a familiares de v\u00edctimas de accidentes de tr\u00e1nsito de la provincia, cancelara la convocatoria a marchar exigiendo justicia por m\u00e1s de veinte casos, entre ellos el del joven carrocero Mat\u00edas Puca, aduciendo la politizaci\u00f3n de la marcha y anunciando posibles disturbios, los referentes de estos [&hellip;]<\/p>\n","protected":false},"author":1,"featured_media":153462,"comment_status":"open","ping_status":"open","sticky":false,"template":"","format":"standard","meta":{"_stopmodifiedupdate":false,"_modified_date":"","inline_featured_image":false,"spay_email":"","jetpack_publicize_message":""},"categories":[2,514,489,501],"tags":[],"jetpack_featured_media_url":"https:\/\/notinor.com\/jujuy\/wp-content\/uploads\/2018\/01\/politizacion.jpg","jetpack_publicize_connections":[],"_links":{"self":[{"href":"https:\/\/notinor.com\/jujuy\/wp-json\/wp\/v2\/posts\/153257"}],"collection":[{"href":"https:\/\/notinor.com\/jujuy\/wp-json\/wp\/v2\/posts"}],"about":[{"href":"https:\/\/notinor.com\/jujuy\/wp-json\/wp\/v2\/types\/post"}],"author":[{"embeddable":true,"href":"https:\/\/notinor.com\/jujuy\/wp-json\/wp\/v2\/users\/1"}],"replies":[{"embeddable":true,"href":"https:\/\/notinor.com\/jujuy\/wp-json\/wp\/v2\/comments?post=153257"}],"version-history":[{"count":4,"href":"https:\/\/notinor.com\/jujuy\/wp-json\/wp\/v2\/posts\/153257\/revisions"}],"predecessor-version":[{"id":153464,"href":"https:\/\/notinor.com\/jujuy\/wp-json\/wp\/v2\/posts\/153257\/revisions\/153464"}],"wp:featuredmedia":[{"embeddable":true,"href":"https:\/\/notinor.com\/jujuy\/wp-json\/wp\/v2\/media\/153462"}],"wp:attachment":[{"href":"https:\/\/notinor.com\/jujuy\/wp-json\/wp\/v2\/media?parent=153257"}],"wp:term":[{"taxonomy":"category","embeddable":true,"href":"https:\/\/notinor.com\/jujuy\/wp-json\/wp\/v2\/categories?post=153257"},{"taxonomy":"post_tag","embeddable":true,"href":"https:\/\/notinor.com\/jujuy\/wp-json\/wp\/v2\/tags?post=153257"}],"curies":[{"name":"wp","href":"https:\/\/api.w.org\/{rel}","templated":true}]}}