{"id":153144,"date":"2018-01-09T00:04:54","date_gmt":"2018-01-09T03:04:54","guid":{"rendered":"http:\/\/notinor.com\/jujuy\/?p=153144"},"modified":"2018-01-11T21:29:57","modified_gmt":"2018-01-12T00:29:57","slug":"pedro-octavio-figueroa-sobre-la-edad-jubilatoria-y-el-82-movil","status":"publish","type":"post","link":"https:\/\/notinor.com\/jujuy\/pedro-octavio-figueroa-sobre-la-edad-jubilatoria-y-el-82-movil\/","title":{"rendered":"Pedro Octavio Figueroa sobre la edad jubilatoria y el 82% movil"},"content":{"rendered":"<p><a href=\"http:\/\/notinor.com\/jujuy\/wp-content\/uploads\/2017\/10\/figueroa-jubilado23.jpg\"><img decoding=\"async\" loading=\"lazy\" class=\"wp-image-140567 size-full aligncenter\" src=\"http:\/\/notinor.com\/jujuy\/wp-content\/uploads\/2017\/10\/figueroa-jubilado23.jpg\" alt=\"figueroa jubilado23\" width=\"368\" height=\"375\" srcset=\"https:\/\/notinor.com\/jujuy\/wp-content\/uploads\/2017\/10\/figueroa-jubilado23.jpg 368w, https:\/\/notinor.com\/jujuy\/wp-content\/uploads\/2017\/10\/figueroa-jubilado23-294x300.jpg 294w, https:\/\/notinor.com\/jujuy\/wp-content\/uploads\/2017\/10\/figueroa-jubilado23-75x75.jpg 75w\" sizes=\"(max-width: 368px) 100vw, 368px\" \/><\/a><\/p>\n<p>Al respecto Figueroa explic\u00f3 que \u201csegun la Ley General N\u00b0 24.291 la gente se jubila, si es mujer, a los 60 a\u00f1os\u00a0 y \u00a0si es var\u00f3n a los 65 a\u00f1os. Para ambos sexos se pide 30 a\u00f1os de servicio con aportes\u201d.<\/p>\n<p>\u201cLa reforma consiste en que para unos y para otros, mujeres y varones, se puede optar, de manera voluntaria seguir trabajando, ambos hasta los 70 a\u00f1os\u201d indic\u00f3 Figueroa.<\/p>\n<p>Seg\u00fan la nueva ley, reci\u00e9n a esa edad, el patr\u00f3n podr\u00e1 actuar el art\u00edculo N\u00b0252 de la Ley de Contrato de Trabajo que dice que cuando el trabajador cumpli\u00f3 los a\u00f1os, tanto de \u00a0aportes como de edad, podr\u00e1 ser intimado a iniciar el tr\u00e1mite jubilatorio. El patr\u00f3n en este caso est\u00e1 obligado a conservar la relaci\u00f3n laboral durante un a\u00f1o desde esa intimaci\u00f3n.<\/p>\n<p>\u201cSi vencido ese a\u00f1o el trabajador no inicio el tramite o no lo completa, el patr\u00f3n puede despedirlo sin indemnizaci\u00f3n por antig\u00fcedad\u201d aclar\u00f3.<\/p>\n<p>Seg\u00fan Figueroa, esto tiene un mensaje importante porque como lo que se modific\u00f3 es un art\u00edculo de la Ley de Contrato de Trabajo, toda esta modificatoria es para trabajadores del sector privado.<\/p>\n<p>\u201cAqu\u00ed no entran trabajadores p\u00fablicos provinciales, nacionales, municipales ni docentes\u201d, explic\u00f3 el abogado previsional y remarc\u00f3 que \u201cesto no va a afectar a los empleados p\u00fablicos\u201d.<\/p>\n<h2><strong>DESDE EL MIERCOLES EL 82% MOVIL<\/strong><\/h2>\n<p>Figueroa anticipo en la entrevista lo que ocurrir\u00e1 el mi\u00e9rcoles, en que la ANSES comenzara a pagar el 82% del salario m\u00f3vil a m\u00e1s de un mill\u00f3n de jubilados.<\/p>\n<p>El abogado destac\u00f3 que la Administraci\u00f3n Nacional para la Seguridad Social (ANSES) abonar\u00e1 los haberes actualizados por el 82% del salario m\u00ednimo, vital y m\u00f3vil a las m\u00e1s de 1,3 millones de personas que se jubilaron con 30 a\u00f1os de aportes, de acuerdo con lo previsto en la Reforma Previsional.<\/p>\n<h2><strong>COMUNICADO DE ANSES<\/strong><\/h2>\n<p>De acuerdo con el calendario de pagos que se inicia el pr\u00f3ximo mi\u00e9rcoles 10, junto al pago de los haberes mensuales, la Anses abonar\u00e1 la diferencia que permitir\u00e1 llegar al 82% del salario m\u00ednimo, vital y m\u00f3vil (SMVM), que es de $9500 desde el 1\u00ba de enero.<\/p>\n<p>De esta manera, 1.328.707 personas recibir\u00e1n un incremento promedio de $528, lo que representa una erogaci\u00f3n para la ANSES de $697.386.039,20. Por otro lado, cada vez que se incremente el SMVM, si el haber m\u00ednimo resulta inferior al 82%, se ajustar\u00e1n los montos para que las jubilaciones de quienes cumplen los requisitos alcancen este porcentaje, inform\u00f3 la Anses en un comunicado.<\/p>\n<p>En este sentido, el director ejecutivo de la ANSES, Emilio Basavilbaso, destac\u00f3 que \u201cestamos cumpliendo una de las primeras promesas que anunci\u00f3 el presidente Mauricio Macri durante su campa\u00f1a: pagar el 82% m\u00f3vil a los jubilados y pensionados que hayan aportado durante 30 a\u00f1os.<\/p>\n<p>Es una medida que les permite recomponer sus haberes\u201d. Esta medida incluye a quienes se hayan jubilado con leyes anteriores a la 24.241; a trav\u00e9s de leyes especiales derogadas que se ven alcanzadas por la movilidad general; quienes hayan accedido a un beneficio por invalidez o por una pensi\u00f3n de aportantes regulares o provengan de cajas provinciales transferidas a la Naci\u00f3n en la d\u00e9cada del 90.<\/p>\n<p>La cantidad de a\u00f1os aportados puede ser menor en el caso de quienes realizaron tareas insalubres (por ejemplo, personal embarcado que se jubilan con 25 a\u00f1os de aportes) o a quienes se les permit\u00eda reconocer servicios por declaraci\u00f3n jurada (hasta 2006).<\/p>\n<p>Los distritos con m\u00e1s beneficiarios de esta actualizaci\u00f3n son provincia de Buenos Aires, con 530.454 personas y un monto de $275,3 millones; Ciudad de Buenos Aires con 178.732 personas y $92,2 millones; C\u00f3rdoba con 125.198 personas y $65,1 millones; y Santa Fe con 128.730 personas y $66,7 millones.<\/p>\n","protected":false},"excerpt":{"rendered":"<p>Al respecto Figueroa explic\u00f3 que \u201csegun la Ley General N\u00b0 24.291 la gente se jubila, si es mujer, a los 60 a\u00f1os\u00a0 y \u00a0si es var\u00f3n a los 65 a\u00f1os. Para ambos sexos se pide 30 a\u00f1os de servicio con aportes\u201d. \u201cLa reforma consiste en que para unos y para otros, mujeres y varones, se [&hellip;]<\/p>\n","protected":false},"author":1,"featured_media":153819,"comment_status":"open","ping_status":"open","sticky":false,"template":"","format":"standard","meta":{"_stopmodifiedupdate":false,"_modified_date":"","inline_featured_image":false},"categories":[519,493],"tags":[],"jetpack_featured_media_url":"https:\/\/notinor.com\/jujuy\/wp-content\/uploads\/2018\/01\/FIGUEROA-3.jpg","_links":{"self":[{"href":"https:\/\/notinor.com\/jujuy\/wp-json\/wp\/v2\/posts\/153144"}],"collection":[{"href":"https:\/\/notinor.com\/jujuy\/wp-json\/wp\/v2\/posts"}],"about":[{"href":"https:\/\/notinor.com\/jujuy\/wp-json\/wp\/v2\/types\/post"}],"author":[{"embeddable":true,"href":"https:\/\/notinor.com\/jujuy\/wp-json\/wp\/v2\/users\/1"}],"replies":[{"embeddable":true,"href":"https:\/\/notinor.com\/jujuy\/wp-json\/wp\/v2\/comments?post=153144"}],"version-history":[{"count":4,"href":"https:\/\/notinor.com\/jujuy\/wp-json\/wp\/v2\/posts\/153144\/revisions"}],"predecessor-version":[{"id":153197,"href":"https:\/\/notinor.com\/jujuy\/wp-json\/wp\/v2\/posts\/153144\/revisions\/153197"}],"wp:featuredmedia":[{"embeddable":true,"href":"https:\/\/notinor.com\/jujuy\/wp-json\/wp\/v2\/media\/153819"}],"wp:attachment":[{"href":"https:\/\/notinor.com\/jujuy\/wp-json\/wp\/v2\/media?parent=153144"}],"wp:term":[{"taxonomy":"category","embeddable":true,"href":"https:\/\/notinor.com\/jujuy\/wp-json\/wp\/v2\/categories?post=153144"},{"taxonomy":"post_tag","embeddable":true,"href":"https:\/\/notinor.com\/jujuy\/wp-json\/wp\/v2\/tags?post=153144"}],"curies":[{"name":"wp","href":"https:\/\/api.w.org\/{rel}","templated":true}]}}