{"id":152924,"date":"2018-01-07T06:39:54","date_gmt":"2018-01-07T09:39:54","guid":{"rendered":"http:\/\/notinor.com\/jujuy\/?p=152924"},"modified":"2018-01-10T07:28:47","modified_gmt":"2018-01-10T10:28:47","slug":"fabiola-zerpa-madre-de-matias-puca-pide-justicia","status":"publish","type":"post","link":"https:\/\/notinor.com\/jujuy\/fabiola-zerpa-madre-de-matias-puca-pide-justicia\/","title":{"rendered":"Fabiola Zerpa madre de Mat\u00edas Puca pide justicia"},"content":{"rendered":"<p>La joven madre manifest\u00f3 que \u201ces un respiro y nos hace pensar que habr\u00e1 justicia para Mat\u00edas\u201d.<br \/>\nAsimismo agrego que \u201cno voy a dejar de confiar en la justicia porque s\u00e9 que est\u00e1n trabajando y poniendo todo, ojala Dios imparta su sabidur\u00eda para que puedan tomar sus acciones\u201d.<\/p>\n<p><a href=\"http:\/\/notinor.com\/jujuy\/wp-content\/uploads\/2018\/01\/fabiola-zerpa.jpeg\"><img decoding=\"async\" loading=\"lazy\" class=\"alignnone size-full wp-image-152926\" src=\"http:\/\/notinor.com\/jujuy\/wp-content\/uploads\/2018\/01\/fabiola-zerpa.jpeg\" alt=\"fabiola zerpa\" width=\"1040\" height=\"780\" \/><\/a><br \/>\nRespecto a la demora en dar con el primer imputado, Zerpa se\u00f1al\u00f3 que \u201cquiz\u00e1s fue por encubrimiento, pero no hay nada, no hay aporte, no hubo pruebas que ayuden a la investigaci\u00f3n, pero confi\u00f3 en la justicia, en la justicia de Dios y en al terrenal\u201d.<br \/>\n\u201cSiempre estuve al tanto del caso, sobre la \u00fanica imputaci\u00f3n de la causa el fiscal me explico que se trataba sobre la compra de un repuesto de un auto Chevrolet Agile, que es probablemente el auto de las im\u00e1genes\u201d indic\u00f3 Zerpa.<br \/>\nEn esta oportunidad, una vez m\u00e1s, Fabiola Zerpa solicit\u00f3 a la ciudadan\u00eda a colaborar con informaci\u00f3n sobre el caso, \u201csi saben algo para agilizar la investigaci\u00f3n que lo digan, que no sean trabas, cualquier testigo que aporte lo que puedan ser\u00e1 de mucha ayuda y le pido a la sociedad, a quien sepa algo, que tengan coraz\u00f3n y nos ayuden\u201d.<br \/>\nLa madre, sostuvo, \u201cno odio a nadie, solo pido justicia por Mat\u00edas, no tengo tiempo para odiar, solo para amar y extra\u00f1ar a mi hijo\u201d.<br \/>\nNUEVA MARCHA POR MAT\u00cdAS<br \/>\nFamiliares de Mat\u00edas Puca convocaron a una marcha para el martes 9 de enero a las 17.30.<br \/>\nLa misma partir\u00e1 desde el Ente Aut\u00e1rquico Permanente hacia Plaza Belgrano. El motivo ser\u00e1 exigir justicia para el esclarecimiento del caso de Mat\u00edas.<br \/>\nParticipar\u00e1 adem\u00e1s la asociaci\u00f3n Estrellas Amarillas que nuclea a familiares de v\u00edctimas de accidentes de tr\u00e1nsito.<br \/>\nSeg\u00fan el comunicado de la familia \u201cen el transcurso de estos meses han sido muchos los rumores y pocas las respuestas. Los supuestos veh\u00edculos fueron cambiando de marca y modelo. Las c\u00e1maras no ofrecen registro fidedigno hasta el momento. El \u00fanico imputado por encubrimiento, el funcionario Pablo Perovic, se ha desvinculado del hecho\u201d.<br \/>\n\u201cA la fecha la \u00fanica certeza es la incertidumbre, la impotencia, la rabia de pensar que la muerte de Mat\u00edas puede quedar impune. Sin embargo la fe existe, creemos que Dios escuchar\u00e1 nuestras plegarias, creemos que la Justicia dar\u00e1 respuesta\u201d.<\/p>\n","protected":false},"excerpt":{"rendered":"<p>La joven madre manifest\u00f3 que \u201ces un respiro y nos hace pensar que habr\u00e1 justicia para Mat\u00edas\u201d. Asimismo agrego que \u201cno voy a dejar de confiar en la justicia porque s\u00e9 que est\u00e1n trabajando y poniendo todo, ojala Dios imparta su sabidur\u00eda para que puedan tomar sus acciones\u201d. Respecto a la demora en dar con [&hellip;]<\/p>\n","protected":false},"author":1,"featured_media":152926,"comment_status":"open","ping_status":"open","sticky":false,"template":"","format":"standard","meta":{"_stopmodifiedupdate":false,"_modified_date":"","inline_featured_image":false},"categories":[519,493],"tags":[],"jetpack_featured_media_url":"https:\/\/notinor.com\/jujuy\/wp-content\/uploads\/2018\/01\/fabiola-zerpa.jpeg","_links":{"self":[{"href":"https:\/\/notinor.com\/jujuy\/wp-json\/wp\/v2\/posts\/152924"}],"collection":[{"href":"https:\/\/notinor.com\/jujuy\/wp-json\/wp\/v2\/posts"}],"about":[{"href":"https:\/\/notinor.com\/jujuy\/wp-json\/wp\/v2\/types\/post"}],"author":[{"embeddable":true,"href":"https:\/\/notinor.com\/jujuy\/wp-json\/wp\/v2\/users\/1"}],"replies":[{"embeddable":true,"href":"https:\/\/notinor.com\/jujuy\/wp-json\/wp\/v2\/comments?post=152924"}],"version-history":[{"count":2,"href":"https:\/\/notinor.com\/jujuy\/wp-json\/wp\/v2\/posts\/152924\/revisions"}],"predecessor-version":[{"id":152927,"href":"https:\/\/notinor.com\/jujuy\/wp-json\/wp\/v2\/posts\/152924\/revisions\/152927"}],"wp:featuredmedia":[{"embeddable":true,"href":"https:\/\/notinor.com\/jujuy\/wp-json\/wp\/v2\/media\/152926"}],"wp:attachment":[{"href":"https:\/\/notinor.com\/jujuy\/wp-json\/wp\/v2\/media?parent=152924"}],"wp:term":[{"taxonomy":"category","embeddable":true,"href":"https:\/\/notinor.com\/jujuy\/wp-json\/wp\/v2\/categories?post=152924"},{"taxonomy":"post_tag","embeddable":true,"href":"https:\/\/notinor.com\/jujuy\/wp-json\/wp\/v2\/tags?post=152924"}],"curies":[{"name":"wp","href":"https:\/\/api.w.org\/{rel}","templated":true}]}}