{"id":152864,"date":"2018-01-06T06:22:30","date_gmt":"2018-01-06T09:22:30","guid":{"rendered":"http:\/\/notinor.com\/jujuy\/?p=152864"},"modified":"2018-01-10T07:28:57","modified_gmt":"2018-01-10T10:28:57","slug":"las-declaraciones-de-perovic-sobre-el-caso-puca","status":"publish","type":"post","link":"https:\/\/notinor.com\/jujuy\/las-declaraciones-de-perovic-sobre-el-caso-puca\/","title":{"rendered":"Perovic refut\u00f3 la imputaci\u00f3n en una presentaci\u00f3n espont\u00e1nea ante la Justicia"},"content":{"rendered":"<p>Perovic se present\u00f3 voluntariamente a declarar en compa\u00f1\u00eda de su abogado, Hern\u00e1n Cuneo, y en esta oportunidad le comunic\u00f3 a la prensa que se pone a disposici\u00f3n de la justicia, se\u00f1al\u00f3 \u201csoy el primer interesado en que esto se resuelva\u201d y agreg\u00f3 \u201cquiero expresar p\u00fablicamente que no tengo, ni tuve, ni ning\u00fan miembro de mi familia, absolutamente nada que ver con este hecho\u201d.<\/p>\n<p><a href=\"http:\/\/notinor.com\/jujuy\/wp-content\/uploads\/2018\/01\/WhatsApp-Image-2018-01-04-at-17.56.13-3.jpeg\"><img decoding=\"async\" loading=\"lazy\" class=\"alignnone size-full wp-image-152817\" src=\"http:\/\/notinor.com\/jujuy\/wp-content\/uploads\/2018\/01\/WhatsApp-Image-2018-01-04-at-17.56.13-3.jpeg\" alt=\"WhatsApp Image 2018-01-04 at 17.56.13 (3)\" width=\"1280\" height=\"960\" \/><\/a><\/p>\n<p>Se\u00f1al\u00f3 que esto fue esclarecido en su declaraci\u00f3n y que est\u00e1 dispuesto a esperar los tiempos de la justicia. \u201cLas pruebas est\u00e1n presentadas como corresponde en el expediente\u201d, se\u00f1al\u00f3 y manifest\u00f3 el grave da\u00f1o causado por esta situaci\u00f3n a \u00e9l y su familia.<\/p>\n<p>\u201cNos presentamos ayer para hacer la declaraci\u00f3n pero no pudimos as\u00ed que la hicimos hoy, fue una declaraci\u00f3n espontanea porque yo me present\u00e9 con mi abogado defensor en la fiscal\u00eda. Estuve declarando durante cuatro horas y espero que esto sea suficiente para que contin\u00fae la causa hacia el lugar que corresponde, que se aclare este hecho y pagu\u00e9 la persona responsable que no somos nosotros\u201d revel\u00f3.<\/p>\n<p>Pablo Perovic, como lo adelantara la justicia la semana pasada, fue imputado y allanado en su domicilio y oficina el viernes pasado por el delito de encubrimiento.<\/p>\n<p>Al respecto, el ex titular del ISJ manifest\u00f3 \u201cNiego cualquier tipo de participaci\u00f3n, las pruebas son fehacientes de que yo no tuve ninguna vinculaci\u00f3n con este hecho\u201d. Seg\u00fan Perovic, \u201clas pruebas que est\u00e1n establecidas en el expediente son pruebas que nosotros estamos refutando taxativamente de una manera muy clara\u201d.<\/p>\n<p>El ex funcionario\u00a0esgrimi\u00f3 que a \u00e9l y su familia los est\u00e1n inculpando:\u00a0 \u201cnos han metido en esta situaci\u00f3n, no s\u00e9 porque, ni conozco los motivos y no voy a hacer ning\u00fan tipo de observaci\u00f3n al respecto\u201d subray\u00f3.<\/p>\n<p>Perovic adem\u00e1s\u00a0 se\u00f1al\u00f3 que no est\u00e1 ocultando a nadie porque no tiene ninguna vinculaci\u00f3n con el hecho. \u201cDesconozco absolutamente quien fue el autor del hecho\u201d declar\u00f3.<\/p>\n<p>De la misma manera refut\u00f3 las versiones de la compra de los repuestos para el auto que atropell\u00f3 a Mat\u00edas Puca, \u201cyo ni compre, ni ped\u00ed presupuesto, ni me acerque nunca jam\u00e1s ni a ese negocio ni a ning\u00fan otro negocio de repuestos de Chevrolet ni en la provincia ni afuera de la ella\u201d remarc\u00f3.<\/p>\n<p>Para concluir el ex funcionario se\u00f1al\u00f3 que nunca tuvo un Chevrolet Agile ni ning\u00fan Chevrolet, ni a su nombre, ni conoce a ninguna persona que lo tenga, mostr\u00e1ndose determinante al declarar que. \u201cNosotros estamos desestimando cada prueba\u201d.<\/p>\n<p>&nbsp;<\/p>\n","protected":false},"excerpt":{"rendered":"<p>Perovic se present\u00f3 voluntariamente a declarar en compa\u00f1\u00eda de su abogado, Hern\u00e1n Cuneo, y en esta oportunidad le comunic\u00f3 a la prensa que se pone a disposici\u00f3n de la justicia, se\u00f1al\u00f3 \u201csoy el primer interesado en que esto se resuelva\u201d y agreg\u00f3 \u201cquiero expresar p\u00fablicamente que no tengo, ni tuve, ni ning\u00fan miembro de mi [&hellip;]<\/p>\n","protected":false},"author":1,"featured_media":152817,"comment_status":"open","ping_status":"open","sticky":false,"template":"","format":"standard","meta":{"_stopmodifiedupdate":false,"_modified_date":"","inline_featured_image":false},"categories":[519,493],"tags":[],"jetpack_featured_media_url":"https:\/\/notinor.com\/jujuy\/wp-content\/uploads\/2018\/01\/WhatsApp-Image-2018-01-04-at-17.56.13-3.jpeg","_links":{"self":[{"href":"https:\/\/notinor.com\/jujuy\/wp-json\/wp\/v2\/posts\/152864"}],"collection":[{"href":"https:\/\/notinor.com\/jujuy\/wp-json\/wp\/v2\/posts"}],"about":[{"href":"https:\/\/notinor.com\/jujuy\/wp-json\/wp\/v2\/types\/post"}],"author":[{"embeddable":true,"href":"https:\/\/notinor.com\/jujuy\/wp-json\/wp\/v2\/users\/1"}],"replies":[{"embeddable":true,"href":"https:\/\/notinor.com\/jujuy\/wp-json\/wp\/v2\/comments?post=152864"}],"version-history":[{"count":5,"href":"https:\/\/notinor.com\/jujuy\/wp-json\/wp\/v2\/posts\/152864\/revisions"}],"predecessor-version":[{"id":152918,"href":"https:\/\/notinor.com\/jujuy\/wp-json\/wp\/v2\/posts\/152864\/revisions\/152918"}],"wp:featuredmedia":[{"embeddable":true,"href":"https:\/\/notinor.com\/jujuy\/wp-json\/wp\/v2\/media\/152817"}],"wp:attachment":[{"href":"https:\/\/notinor.com\/jujuy\/wp-json\/wp\/v2\/media?parent=152864"}],"wp:term":[{"taxonomy":"category","embeddable":true,"href":"https:\/\/notinor.com\/jujuy\/wp-json\/wp\/v2\/categories?post=152864"},{"taxonomy":"post_tag","embeddable":true,"href":"https:\/\/notinor.com\/jujuy\/wp-json\/wp\/v2\/tags?post=152864"}],"curies":[{"name":"wp","href":"https:\/\/api.w.org\/{rel}","templated":true}]}}