{"id":152755,"date":"2018-01-05T06:37:31","date_gmt":"2018-01-05T09:37:31","guid":{"rendered":"http:\/\/notinor.com\/jujuy\/?p=152755"},"modified":"2018-01-10T07:29:08","modified_gmt":"2018-01-10T10:29:08","slug":"ministro-de-salud-habra-una-prorroga-de-los-contratos-hasta-marzo","status":"publish","type":"post","link":"https:\/\/notinor.com\/jujuy\/ministro-de-salud-habra-una-prorroga-de-los-contratos-hasta-marzo\/","title":{"rendered":"Ministro de Salud: \"Habra una prorroga de los contratos hasta marzo\""},"content":{"rendered":"<p><a href=\"http:\/\/notinor.com\/jujuy\/wp-content\/uploads\/2018\/01\/bohuid.jpg\"><img decoding=\"async\" loading=\"lazy\" class=\"alignnone size-full wp-image-152757\" src=\"http:\/\/notinor.com\/jujuy\/wp-content\/uploads\/2018\/01\/bohuid.jpg\" alt=\"bohuid\" width=\"870\" height=\"597\" \/><\/a><\/p>\n<p>Explico que lo que hay es un recambio de algunos contratos ya que la cantidad de los mismos no ha disminuido.<\/p>\n<p>Asimismo informo sobre una pr\u00f3rroga por tres meses de los contratos en la mayor\u00eda de los hospitales, se\u00f1al\u00f3 que cada nosocomio ha renovado casi en un cien por ciento el personal y que solo hubo algunos casos puntuales donde se pidi\u00f3 la baja del personal que no cumpli\u00f3, o no ten\u00eda, la aprobaci\u00f3n de\u00a0 los jefes directos.<\/p>\n<p>Bohuid destac\u00f3 que \u201clos gremios han hecho lo que ten\u00edan que hacer que es reclamar por los trabajadores pero hemos dado las explicaciones del caso y seguramente para el proceso de marzo, por los tres meses de pr\u00f3rroga, va a haber una mejor organizaci\u00f3n\u201d.<\/p>\n<p>Para marzo el Ministro anunci\u00f3 la creaci\u00f3n de \u00a0\u00a0una mesa de trabajo conjunta con los directores de hospitales y los gremios para tratar el tema de los contratos.<\/p>\n<p>En cuanto al futuro del programa \u2018Incluir Salud\u2019, el ministro explic\u00f3 que dejar\u00e1 de depender del Ministerio de Salud de la Naci\u00f3n y pasar\u00e1 a la \u00f3rbita de la Agencia Nacional de Discapacidad, a cargo de la vicepresidenta Gabriela Michetti. Asegur\u00f3 adem\u00e1s que si bien se trata de programa nacional, los efectores seguir\u00e1n siendo de la provincia.<\/p>\n<p>\u2018Incluir Salud\u2019 es un programa federal que garantiza el acceso a los servicios de salud a madres de siete o m\u00e1s hijos, personas con discapacidad y adultos mayores. El pasado mi\u00e9rcoles trabajadores esta \u00e1rea denunciaron que cinco empleados hab\u00edan sido despedidos.<\/p>\n<p>No obstante, el Ministro asegur\u00f3 que a los afiliados nunca les falt\u00f3 ni la medicaci\u00f3n, ni la prestaci\u00f3n del servicio y aseguro que este va a continuar.<\/p>\n<p>\u201cLos recambios de algunos contratos no significan que haya despidos, significa que hay una persona que deja de trabajar y entra otra porque esa persona no cumpli\u00f3 los objetivos o no cumpli\u00f3 con lo que se esperaba\u201d remarc\u00f3.<\/p>\n<p>LA SITUACION SANITARIA EN JUJUY<\/p>\n<p>Con respecto a la situaci\u00f3n sanitaria EN Jujuy, Bohuid explico que la misma est\u00e1 transitando con normalidad y no hay casos de alarma, ni patolog\u00eda estival.<\/p>\n<p>\u201cHasta el d\u00eda de hoy \u00a0no se han registrado casos de Dengue, Sica o Chicungunia\u201d resalto el Ministro.<\/p>\n<p>Adem\u00e1s se\u00f1al\u00f3 que algunos hospitales de la provincia est\u00e1n funcionando muy bien, otros de manera regular y otros que necesitan m\u00e1s apoyo pero que esa es la tarea a la que estar\u00e1 abocado el Ministerio este a\u00f1o.<\/p>\n","protected":false},"excerpt":{"rendered":"<p>Explico que lo que hay es un recambio de algunos contratos ya que la cantidad de los mismos no ha disminuido. Asimismo informo sobre una pr\u00f3rroga por tres meses de los contratos en la mayor\u00eda de los hospitales, se\u00f1al\u00f3 que cada nosocomio ha renovado casi en un cien por ciento el personal y que solo [&hellip;]<\/p>\n","protected":false},"author":1,"featured_media":152757,"comment_status":"open","ping_status":"open","sticky":false,"template":"","format":"standard","meta":{"_stopmodifiedupdate":false,"_modified_date":"","inline_featured_image":false},"categories":[519,493],"tags":[],"jetpack_featured_media_url":"https:\/\/notinor.com\/jujuy\/wp-content\/uploads\/2018\/01\/bohuid.jpg","_links":{"self":[{"href":"https:\/\/notinor.com\/jujuy\/wp-json\/wp\/v2\/posts\/152755"}],"collection":[{"href":"https:\/\/notinor.com\/jujuy\/wp-json\/wp\/v2\/posts"}],"about":[{"href":"https:\/\/notinor.com\/jujuy\/wp-json\/wp\/v2\/types\/post"}],"author":[{"embeddable":true,"href":"https:\/\/notinor.com\/jujuy\/wp-json\/wp\/v2\/users\/1"}],"replies":[{"embeddable":true,"href":"https:\/\/notinor.com\/jujuy\/wp-json\/wp\/v2\/comments?post=152755"}],"version-history":[{"count":2,"href":"https:\/\/notinor.com\/jujuy\/wp-json\/wp\/v2\/posts\/152755\/revisions"}],"predecessor-version":[{"id":152758,"href":"https:\/\/notinor.com\/jujuy\/wp-json\/wp\/v2\/posts\/152755\/revisions\/152758"}],"wp:featuredmedia":[{"embeddable":true,"href":"https:\/\/notinor.com\/jujuy\/wp-json\/wp\/v2\/media\/152757"}],"wp:attachment":[{"href":"https:\/\/notinor.com\/jujuy\/wp-json\/wp\/v2\/media?parent=152755"}],"wp:term":[{"taxonomy":"category","embeddable":true,"href":"https:\/\/notinor.com\/jujuy\/wp-json\/wp\/v2\/categories?post=152755"},{"taxonomy":"post_tag","embeddable":true,"href":"https:\/\/notinor.com\/jujuy\/wp-json\/wp\/v2\/tags?post=152755"}],"curies":[{"name":"wp","href":"https:\/\/api.w.org\/{rel}","templated":true}]}}