{"id":152618,"date":"2018-01-04T07:58:03","date_gmt":"2018-01-04T10:58:03","guid":{"rendered":"http:\/\/notinor.com\/jujuy\/?p=152618"},"modified":"2018-01-04T07:58:03","modified_gmt":"2018-01-04T10:58:03","slug":"austeridad-ya-van-1200-contratados-dados-de-baja","status":"publish","type":"post","link":"https:\/\/notinor.com\/jujuy\/austeridad-ya-van-1200-contratados-dados-de-baja\/","title":{"rendered":"Austeridad:  ya van 1200 contratados dados de baja"},"content":{"rendered":"<p><a href=\"http:\/\/notinor.com\/jujuy\/wp-content\/uploads\/2018\/01\/paro-ate.jpg\"><img decoding=\"async\" loading=\"lazy\" class=\"alignnone size-full wp-image-152619\" src=\"http:\/\/notinor.com\/jujuy\/wp-content\/uploads\/2018\/01\/paro-ate.jpg\" alt=\"paro ate\" width=\"2048\" height=\"1148\" \/><\/a><\/p>\n<p>Los gremios UPCN y ATE relevaron esa cantidad de cesant\u00edas en la administraci\u00f3n nacional durante diciembre, y la cifra se elevar\u00eda a 2600 en el corto plazo; el Gobierno los atribuy\u00f3 al ausentismo<\/p>\n<p>Cuando Mauricio Macri tom\u00f3 el control de la Casa Rosada activ\u00f3 una pol\u00edtica de desvinculaciones y ruptura de contratos que hered\u00f3 de la gesti\u00f3n anterior. El recorte m\u00e1s amplio, de unas 10.000 personas, se concret\u00f3 entre 2015 y 2016. Desde entonces y hasta la actualidad, se abri\u00f3 una etapa de evaluaci\u00f3n t\u00e9cnica y de control de presentismo en cada organismo de la administraci\u00f3n p\u00fablica nacional y entes descentralizados que deriv\u00f3 en 1191 cesant\u00edas, s\u00f3lo en diciembre pasado.<\/p>\n<p>Las casi 1200 bajas que se concretaron recientemente fueron relevadas en 15 organismos por los gremios estatales ATE y UPCN. La cifra podr\u00eda incrementarse a 2600 en marzo, ya que durante el verano caducan muchos contratos temporarios. Estas desvinculaciones son adicionales al plan oficial de reducir en un 20% los cargos pol\u00edticos y jer\u00e1rquicos que impuls\u00f3 el Presidente y que coordina el jefe de Gabinete, Marcos Pe\u00f1a.<\/p>\n<p>El rastrillaje de los contratos en la administraci\u00f3n p\u00fablica qued\u00f3 en manos del ministro de Modernizaci\u00f3n, Andr\u00e9s Ibarra. Desde su \u00e1rea, indicaron ayer que los contratos no renovados ser\u00edan menos de los que afirman los sindicatos. \"No hay despidos masivos. Tal vez son 600, la mitad de lo que dicen. Todos los casos tienen una justificaci\u00f3n en base al control de presentismo y la evaluaci\u00f3n interna\", dijo una fuente oficial.<\/p>\n<p>Ibarra, que inici\u00f3 ayer una semana de vacaciones en Chapadmalal, argument\u00f3 entre su equipo los motivos de la no renovaci\u00f3n de algunos contratos. Destac\u00f3 la rigurosidad del control de presentismo y las evaluaciones internas que se dieron en cada ministerio y entes descentralizados. Ejemplific\u00f3 con casos de ausencias sin justificaci\u00f3n, enfermedades prolongadas e incumplimiento de tareas. Los organismos que m\u00e1s bajas sufrieron hasta ahora fueron Fabricaciones Militares, con 354 despidos en lo que va de 2018 (ver aparte), y la Televisi\u00f3n Digital Abierta, con 180.<\/p>\n<p>Uno de los desaf\u00edos de la Casa Rosada ser\u00e1 llegar a que s\u00f3lo el 10% de los aproximadamente 200.000 empleados de la administraci\u00f3n p\u00fablica nacional est\u00e9 bajo la modalidad de contrato temporario que se rigen por el art\u00edculo 9 de la ley de empleo p\u00fablico (25.164). La legislaci\u00f3n impone que no deber\u00eda superar el 15% del total de la plantilla las contrataciones temporarias. Hoy estar\u00eda por encima del 30%, seg\u00fan fuentes de UPCN.<\/p>\n<p>\"Se desvirtu\u00f3 con [Domingo] Cavallo durante el gobierno de [Fernando] De la R\u00faa\", argumentaron en el gremio que lidera Andr\u00e9s Rodr\u00edguez, integrante de la c\u00fapula de la CGT. El hist\u00f3rico reclamo sindical es por el cumplimiento de la ley marco de regulaci\u00f3n del empleo estatal, que pone la lupa sobre la cantidad de contratos irregulares que desde hace a\u00f1os se multiplican en la administraci\u00f3n p\u00fablica.<\/p>\n<p>Rodr\u00edguez tuvo en diciembre m\u00e1s de un encuentro con Ibarra y con el ministro de Trabajo, Jorge Triaca. En uno de ellos les dio la garant\u00eda de que no reclamar\u00eda un bono de fin de a\u00f1o justo cuando desde algunas provincias se anunciaba el pago de un plus para estatales. La se\u00f1al de austeridad se dio durante la misma charla en la que se negoci\u00f3 sobre el recorte de cargos y en la que se pact\u00f3 no avanzar sobre el personal de planta permanente.<\/p>\n<p>Marginado de las reuniones, Hugo Godoy, jefe gremial de ATE Nacional, llam\u00f3 para hoy al primer paro nacional de estatales del a\u00f1o (ver aparte). Desde ATE acusan a sus pares de UPCN de haber bajado la guardia y no empujar un conflicto por las bajas. El gremio de Godoy activ\u00f3 ya 16 protestas de alcance nacional desde que Macri lleg\u00f3 al poder. UPCN, por s\u00ed sola, ninguna.<\/p>\n<p>\"Lamentablemente el Gobierno no dio una respuesta para que se genere un espacio de discusi\u00f3n y ante nuestros reclamos por los despidos decidimos parar. Hay que ponerle un l\u00edmite porque no vamos a permitir que siga aumentando el n\u00famero de despidos\", dijo Godoy.<\/p>\n<p>La pulseada interna entre ATE y UPCN es hist\u00f3rica. En la negociaci\u00f3n colectiva, UPCN es el que lleva la voz de mando, ya que es el mayoritario en t\u00e9rminos de afiliados que aporta con su cuota sindical. Durante el kirchnerismo, ATE siempre firm\u00f3 en disidencia los acuerdos salariales que sellaba Rodr\u00edguez. Sucede lo mismo en la era Macri.<\/p>\n<p>\"El ajuste de Macri no es redituable, si lo quieren buscar desde el Gobierno por el lado del ahorro. En 2016 echaron a 10.000 personas de bajo rango, pero incorporaron otras 10.000 con salarios m\u00e1s altos, de 70.000 pesos\", se quej\u00f3 un dirigente de ATE.<\/p>\n<p>En paralelo a la pol\u00edtica de desvinculaciones, el Gobierno ampli\u00f3 en la administraci\u00f3n p\u00fablica un plan de retiro voluntario y de jubilaci\u00f3n anticipada como parte del ajuste. Uno de los casos paradigm\u00e1ticos ser\u00eda el del Correo Argentino, que cuenta con m\u00e1s de 16.000 empleados y es una de las empresas del Estado que m\u00e1s dinero le demanda al Tesoro.<\/p>\n<p>El objetivo a corto plazo de la compa\u00f1\u00eda postal ser\u00eda reducir al menos un 10% de su plantilla. De concretarse, elevar\u00eda el c\u00e1lculo de bajas que pronosticaron los dos gremios estatales.<\/p>\n","protected":false},"excerpt":{"rendered":"<p>Los gremios UPCN y ATE relevaron esa cantidad de cesant\u00edas en la administraci\u00f3n nacional durante diciembre, y la cifra se elevar\u00eda a 2600 en el corto plazo; el Gobierno los atribuy\u00f3 al ausentismo Cuando Mauricio Macri tom\u00f3 el control de la Casa Rosada activ\u00f3 una pol\u00edtica de desvinculaciones y ruptura de contratos que hered\u00f3 de [&hellip;]<\/p>\n","protected":false},"author":1,"featured_media":152619,"comment_status":"open","ping_status":"open","sticky":false,"template":"","format":"standard","meta":{"_stopmodifiedupdate":false,"_modified_date":"","inline_featured_image":false,"spay_email":"","jetpack_publicize_message":""},"categories":[5],"tags":[],"jetpack_featured_media_url":"https:\/\/notinor.com\/jujuy\/wp-content\/uploads\/2018\/01\/paro-ate.jpg","jetpack_publicize_connections":[],"_links":{"self":[{"href":"https:\/\/notinor.com\/jujuy\/wp-json\/wp\/v2\/posts\/152618"}],"collection":[{"href":"https:\/\/notinor.com\/jujuy\/wp-json\/wp\/v2\/posts"}],"about":[{"href":"https:\/\/notinor.com\/jujuy\/wp-json\/wp\/v2\/types\/post"}],"author":[{"embeddable":true,"href":"https:\/\/notinor.com\/jujuy\/wp-json\/wp\/v2\/users\/1"}],"replies":[{"embeddable":true,"href":"https:\/\/notinor.com\/jujuy\/wp-json\/wp\/v2\/comments?post=152618"}],"version-history":[{"count":1,"href":"https:\/\/notinor.com\/jujuy\/wp-json\/wp\/v2\/posts\/152618\/revisions"}],"predecessor-version":[{"id":152620,"href":"https:\/\/notinor.com\/jujuy\/wp-json\/wp\/v2\/posts\/152618\/revisions\/152620"}],"wp:featuredmedia":[{"embeddable":true,"href":"https:\/\/notinor.com\/jujuy\/wp-json\/wp\/v2\/media\/152619"}],"wp:attachment":[{"href":"https:\/\/notinor.com\/jujuy\/wp-json\/wp\/v2\/media?parent=152618"}],"wp:term":[{"taxonomy":"category","embeddable":true,"href":"https:\/\/notinor.com\/jujuy\/wp-json\/wp\/v2\/categories?post=152618"},{"taxonomy":"post_tag","embeddable":true,"href":"https:\/\/notinor.com\/jujuy\/wp-json\/wp\/v2\/tags?post=152618"}],"curies":[{"name":"wp","href":"https:\/\/api.w.org\/{rel}","templated":true}]}}