{"id":152566,"date":"2018-01-03T20:29:53","date_gmt":"2018-01-03T23:29:53","guid":{"rendered":"http:\/\/notinor.com\/jujuy\/?p=152566"},"modified":"2018-01-03T20:29:53","modified_gmt":"2018-01-03T23:29:53","slug":"propuesta-veraniega-en-los-centros-de-desarrollo-infantil","status":"publish","type":"post","link":"https:\/\/notinor.com\/jujuy\/propuesta-veraniega-en-los-centros-de-desarrollo-infantil\/","title":{"rendered":"Propuesta veraniega en los Centros de Desarrollo Infantil"},"content":{"rendered":"<p><a href=\"http:\/\/notinor.com\/jujuy\/wp-content\/uploads\/2018\/01\/propuesta1.jpg\"><img decoding=\"async\" loading=\"lazy\" class=\"alignnone size-full wp-image-152569 aligncenter\" src=\"http:\/\/notinor.com\/jujuy\/wp-content\/uploads\/2018\/01\/propuesta1.jpg\" alt=\"propuesta1\" width=\"750\" height=\"499\" \/><\/a><\/p>\n<p>Los CDI\u00a0 son espacios para la primera infancia donde se garantizan derechos de ni\u00f1os y ni\u00f1as de 45 d\u00edas a 4 a\u00f1os de edad, con un servicio de calidad para los peque\u00f1os a trav\u00e9s de personal capacitado en la atenci\u00f3n.<\/p>\n<p>All\u00ed, los chicos reciben los cuidados\u00a0 y contenci\u00f3n necesaria, con una alimentaci\u00f3n saludable de acuerdo a su edad, juegos, estimulaci\u00f3n temprana para crecer sanos, desarrollar el lenguaje, las emociones y fortalecer los v\u00ednculos familiares, dando tranquilidad a las familias que los peque\u00f1os son bien cuidados y est\u00e1n acompa\u00f1ados en el tiempo de permanencia en los\u00a0 CDI.<\/p>\n<p>Para las familias interesadas se informa que ni\u00f1os y ni\u00f1as de 45 d\u00edas a 4 a\u00f1os de edad podr\u00e1n concurrir\u00a0 de 7 a 19 horas a los siguientes\u00a0 los CDI :<\/p>\n<p>\u201c Guillermo Snopek\u201d ubicado en avenida Forestal equina Mina 9 de Octubre sector B\u00ba Alto comedero<\/p>\n<p>\u201cNtra. R\u00edo Blanco\u201d en calle Olavarr\u00eda N\u00ba 536 Cuyaya<\/p>\n<p>\u201cEva Per\u00f3n\u201d, en Cochabamba N\u00ba 1568 249 viviendas San Pedrito<\/p>\n<p>\u201cMi Peque\u00f1o Mundo\u201d, en calle Tanco esquina 33 Orientales, del barrio Coronel Arias<\/p>\n<p>\u201cHerminio Arrieta\u201d calle Belgrano N\u00ba 1043 centro<\/p>\n<p>\u201cSanta Cecilia\u201d calle Manantiales N\u00ba 687 B\u00ba Chijra<\/p>\n<p>\u201cSan Jos\u00e9\u201d, La Bandera N\u00ba 200, ciudad Perico.<\/p>\n<p>Cabe informar que estos CDI forman parte de la Coordinaci\u00f3n de Sistema de Cuidados, dependiente de la\u00a0 Direcci\u00f3n Provincial de Protecci\u00f3n Integral de Ni\u00f1ez, Adolescencia y Familia, organismo de la Secretaria de Ni\u00f1ez, Adolescencia y Familia, sita en calle Salta N\u00ba 1162, tel\u00e9fono (0388) 4221242.<\/p>\n<p>&nbsp;<\/p>\n","protected":false},"excerpt":{"rendered":"<p>Los CDI\u00a0 son espacios para la primera infancia donde se garantizan derechos de ni\u00f1os y ni\u00f1as de 45 d\u00edas a 4 a\u00f1os de edad, con un servicio de calidad para los peque\u00f1os a trav\u00e9s de personal capacitado en la atenci\u00f3n. All\u00ed, los chicos reciben los cuidados\u00a0 y contenci\u00f3n necesaria, con una alimentaci\u00f3n saludable de acuerdo [&hellip;]<\/p>\n","protected":false},"author":5,"featured_media":152568,"comment_status":"open","ping_status":"open","sticky":false,"template":"","format":"standard","meta":{"_stopmodifiedupdate":false,"_modified_date":"","inline_featured_image":false,"spay_email":"","jetpack_publicize_message":""},"categories":[13],"tags":[],"jetpack_featured_media_url":"https:\/\/notinor.com\/jujuy\/wp-content\/uploads\/2018\/01\/propuesta.jpg","jetpack_publicize_connections":[],"_links":{"self":[{"href":"https:\/\/notinor.com\/jujuy\/wp-json\/wp\/v2\/posts\/152566"}],"collection":[{"href":"https:\/\/notinor.com\/jujuy\/wp-json\/wp\/v2\/posts"}],"about":[{"href":"https:\/\/notinor.com\/jujuy\/wp-json\/wp\/v2\/types\/post"}],"author":[{"embeddable":true,"href":"https:\/\/notinor.com\/jujuy\/wp-json\/wp\/v2\/users\/5"}],"replies":[{"embeddable":true,"href":"https:\/\/notinor.com\/jujuy\/wp-json\/wp\/v2\/comments?post=152566"}],"version-history":[{"count":2,"href":"https:\/\/notinor.com\/jujuy\/wp-json\/wp\/v2\/posts\/152566\/revisions"}],"predecessor-version":[{"id":152570,"href":"https:\/\/notinor.com\/jujuy\/wp-json\/wp\/v2\/posts\/152566\/revisions\/152570"}],"wp:featuredmedia":[{"embeddable":true,"href":"https:\/\/notinor.com\/jujuy\/wp-json\/wp\/v2\/media\/152568"}],"wp:attachment":[{"href":"https:\/\/notinor.com\/jujuy\/wp-json\/wp\/v2\/media?parent=152566"}],"wp:term":[{"taxonomy":"category","embeddable":true,"href":"https:\/\/notinor.com\/jujuy\/wp-json\/wp\/v2\/categories?post=152566"},{"taxonomy":"post_tag","embeddable":true,"href":"https:\/\/notinor.com\/jujuy\/wp-json\/wp\/v2\/tags?post=152566"}],"curies":[{"name":"wp","href":"https:\/\/api.w.org\/{rel}","templated":true}]}}