{"id":152557,"date":"2018-01-03T20:17:49","date_gmt":"2018-01-03T23:17:49","guid":{"rendered":"http:\/\/notinor.com\/jujuy\/?p=152557"},"modified":"2018-01-03T20:23:19","modified_gmt":"2018-01-03T23:23:19","slug":"reconstruccion-de-volcan","status":"publish","type":"post","link":"https:\/\/notinor.com\/jujuy\/reconstruccion-de-volcan\/","title":{"rendered":"Proceso de reconstrucci\u00f3n de Volc\u00e1n"},"content":{"rendered":"<p><a href=\"http:\/\/notinor.com\/jujuy\/wp-content\/uploads\/2018\/01\/VOLCAN-HOY.jpg\"><img decoding=\"async\" loading=\"lazy\" class=\"alignnone size-full wp-image-152561 aligncenter\" src=\"http:\/\/notinor.com\/jujuy\/wp-content\/uploads\/2018\/01\/VOLCAN-HOY.jpg\" alt=\"VOLCAN HOY\" width=\"750\" height=\"496\" \/><\/a><\/p>\n<p>El ministro de Infraestructura, Servicios P\u00fablicos, Tierra y Vivienda, Jorge Rizzotti\u00a0 se refiri\u00f3 las obras que se llevan adelante en el marco del proceso de reconstrucci\u00f3n de Volc\u00e1n a casi un a\u00f1o del terrible alud sufrido por la comunidad quebrade\u00f1a.<\/p>\n<p>Actualmente se encuentran en ejecuci\u00f3n varios frentes de obras financiadas con fondos del Ministerio del Interior de la Naci\u00f3n, a trav\u00e9s de la Direcci\u00f3n de Recursos H\u00eddricos, entre las que se destacan la canalizaci\u00f3n del arroyo del Medio, el alcantarillado del arroyo Las Cuevitas y los trabajos de ingenier\u00eda en la Cuenca de los Filtros, obra a la que Rizzotti calific\u00f3 como \u201cfundamental\u201d.<\/p>\n<p>\u201cSi hoy volvieran a suceder eventos similares en el lugar no pasar\u00eda lo que pas\u00f3, ya que se hicieron trabajos de mitigaci\u00f3n de ingenier\u00eda e infraestructura en el \u00e1rea\u201d, explic\u00f3.<\/p>\n<p>Con respecto a las obras de infraestructura en el pueblo especific\u00f3 que el 10 de enero, fecha en el que se recordar\u00e1 el evento del alud, se inauguraran obras de pavimentaci\u00f3n e iluminaci\u00f3n.<\/p>\n<p>\u201cEstamos terminamos con la reconstrucci\u00f3n parcial de las viviendas que tenemos que arreglar, hemos iniciado la construcci\u00f3n de 30 viviendas, estamos en el proceso de reconstrucci\u00f3n de las viviendas que han sido demolidas y que hay que reconstruir\u201d, agreg\u00f3 Rizzotti y enfatiz\u00f3 que \u201cdesde el d\u00eda del alud\u00a0 no dejamos nunca de estar en Volc\u00e1n trabajando por la gente y el pueblo\u201d.<\/p>\n<p>En lo que refiere a la reconstrucci\u00f3n de las viviendas especific\u00f3 que \u201chay que tener los planos aprobados, para lo cual se realiz\u00f3 un\u00a0 convenio con el Colegio de Arquitectos con el fin que los profesionales se encarguen de llevar adelante la tarea\u201d.<\/p>\n<p>Con respecto al financiamiento aclar\u00f3 que Naci\u00f3n est\u00e1 cumpliendo con los desembolsos de fondos de acuerdo a lo planificado en el proyecto y a medida que se avanza con las obras. \u201cLos plazos existentes son los propios de los procesos normales en la realizaci\u00f3n de las obras, esto est\u00e1 hablado con los vecinos y las autoridades\u201d, expres\u00f3.<\/p>\n<p>\u201cTodos los mi\u00e9rcoles tenemos una reuni\u00f3n con los vecinos de Volc\u00e1n, a trav\u00e9s de funcionarios de la Direcci\u00f3n de Arquitectura y de Ordenamiento Territorial, en la que les informamos sobre en qu\u00e9 estamos trabajando. Esto es a la vez una instancia de control y auditoria que el mismo pueblo que verifica la calidad y los tiempos de ejecuci\u00f3n\u201d, explic\u00f3 Rizzotti.<\/p>\n<p>\u201cLo que se ha logrado, hasta el momento, en el proceso de reconstrucci\u00f3n del pueblo ha sido producto del trabajo del Gobierno de la Provincia, con el acompa\u00f1amiento del pueblo de Volc\u00e1n y por supuesto con el aporte y financiamiento del Gobierno Nacional\u201d, subray\u00f3.<\/p>\n<p>Por \u00faltimo, el Ministro expres\u00f3: \u201cNo vamos a dejar Volc\u00e1n hasta que las obras est\u00e9n concluidas; es la instrucci\u00f3n del Gobernador Gerardo Morales\u201d.<\/p>\n<p>&nbsp;<\/p>\n","protected":false},"excerpt":{"rendered":"<p>El ministro de Infraestructura, Servicios P\u00fablicos, Tierra y Vivienda, Jorge Rizzotti\u00a0 se refiri\u00f3 las obras que se llevan adelante en el marco del proceso de reconstrucci\u00f3n de Volc\u00e1n a casi un a\u00f1o del terrible alud sufrido por la comunidad quebrade\u00f1a. Actualmente se encuentran en ejecuci\u00f3n varios frentes de obras financiadas con fondos del Ministerio del [&hellip;]<\/p>\n","protected":false},"author":5,"featured_media":152560,"comment_status":"open","ping_status":"open","sticky":false,"template":"","format":"standard","meta":{"_stopmodifiedupdate":false,"_modified_date":"","inline_featured_image":false},"categories":[4],"tags":[],"jetpack_featured_media_url":"https:\/\/notinor.com\/jujuy\/wp-content\/uploads\/2018\/01\/Volc\u00e1n-1024x681.jpg","_links":{"self":[{"href":"https:\/\/notinor.com\/jujuy\/wp-json\/wp\/v2\/posts\/152557"}],"collection":[{"href":"https:\/\/notinor.com\/jujuy\/wp-json\/wp\/v2\/posts"}],"about":[{"href":"https:\/\/notinor.com\/jujuy\/wp-json\/wp\/v2\/types\/post"}],"author":[{"embeddable":true,"href":"https:\/\/notinor.com\/jujuy\/wp-json\/wp\/v2\/users\/5"}],"replies":[{"embeddable":true,"href":"https:\/\/notinor.com\/jujuy\/wp-json\/wp\/v2\/comments?post=152557"}],"version-history":[{"count":4,"href":"https:\/\/notinor.com\/jujuy\/wp-json\/wp\/v2\/posts\/152557\/revisions"}],"predecessor-version":[{"id":152565,"href":"https:\/\/notinor.com\/jujuy\/wp-json\/wp\/v2\/posts\/152557\/revisions\/152565"}],"wp:featuredmedia":[{"embeddable":true,"href":"https:\/\/notinor.com\/jujuy\/wp-json\/wp\/v2\/media\/152560"}],"wp:attachment":[{"href":"https:\/\/notinor.com\/jujuy\/wp-json\/wp\/v2\/media?parent=152557"}],"wp:term":[{"taxonomy":"category","embeddable":true,"href":"https:\/\/notinor.com\/jujuy\/wp-json\/wp\/v2\/categories?post=152557"},{"taxonomy":"post_tag","embeddable":true,"href":"https:\/\/notinor.com\/jujuy\/wp-json\/wp\/v2\/tags?post=152557"}],"curies":[{"name":"wp","href":"https:\/\/api.w.org\/{rel}","templated":true}]}}