{"id":152517,"date":"2018-01-04T07:00:13","date_gmt":"2018-01-04T10:00:13","guid":{"rendered":"http:\/\/notinor.com\/jujuy\/?p=152517"},"modified":"2018-01-04T07:35:22","modified_gmt":"2018-01-04T10:35:22","slug":"la-justicia-actua-sobre-los-danos-a-la-escultura-de-lavalle","status":"publish","type":"post","link":"https:\/\/notinor.com\/jujuy\/la-justicia-actua-sobre-los-danos-a-la-escultura-de-lavalle\/","title":{"rendered":"El municipio elev\u00f3 a la Justicia un informe de da\u00f1os a escultura del General Lavalle"},"content":{"rendered":"<p><a href=\"http:\/\/notinor.com\/jujuy\/wp-content\/uploads\/2018\/01\/Da\u00f1os-a-monumento-a-Lavalle-1.jpg\"><img decoding=\"async\" loading=\"lazy\" class=\"size-full wp-image-152521 aligncenter\" src=\"http:\/\/notinor.com\/jujuy\/wp-content\/uploads\/2018\/01\/Da\u00f1os-a-monumento-a-Lavalle-1.jpg\" alt=\"Da\u00f1os a monumento a Lavalle 1\" width=\"750\" height=\"497\" \/><\/a><\/p>\n<p>El intendente capitalino Ra\u00fal \"Chuli\" Jorge repudi\u00f3 los da\u00f1os que se ocasionaron a la escultura de la Muerte del General Lavalle en calle belgrano, hecho que se viraliz\u00f3 en las redes sociales y que llev\u00f3 a actuar de oficio al Juzgado Contravencional de la Provincia.<\/p>\n<p>El intendente Jorge destac\u00f3 el papel de las redes sociales como vocero de la ciudadan\u00eda, las cuales determinaron que \"aquello que parec\u00eda una travesura de chicos, se convirti\u00f3 en una cuesti\u00f3n que tiene que ver profundamente con el respeto a los monumentos de la ciudad\".<\/p>\n<div class=\"jeg_video_container jeg_video_content\"><iframe loading=\"lazy\" width=\"500\" height=\"281\" src=\"https:\/\/www.youtube.com\/embed\/xCMFiVnD660?feature=oembed\" frameborder=\"0\" gesture=\"media\" allow=\"encrypted-media\" allowfullscreen><\/iframe><\/div>\n<p>Consider\u00f3 luego que, \"esta actitud se configur\u00f3 en una defensa total, desde las mismas redes y en los diarios digitales\" y agreg\u00f3\u00a0 \"nosotros vamos a hacer lo que corresponde, hemos completado todo lo que nos pidi\u00f3 el juez contravencional y dejamos el caso en manos de la Justicia. Tambi\u00e9n vamos a estar pendiente del presupuesto que va significar la reparaci\u00f3n de la estatua y de los vidrios rotos\".<\/p>\n<p>En esta l\u00ednea Jorge sostuvo, \"esto se podr\u00eda haber constituido en una desgracia, porqu\u00e9 el monumento cuenta con vidrios a la vuelta, a esa altura y trepados sobre una escultura, que no es m\u00e1rmol, madera, ni de material petrio; es una estructura forrada en l\u00e1mina de vidrio y pintada con lo cual es muy endeble\".<\/p>\n<p>El mandatario municipal record\u00f3 los da\u00f1os sufridos en los monumentos de \"Lola Mora\", \"Los Leones\" y \"El Trabajo\", lo del General Belgrano en la Vieja Estaci\u00f3n, cuando se rompi\u00f3 un sable que estaba construido con acero quir\u00fargico, \"por lo cual estos tipos de monumentos, lo vamos protegiendo con vidrios para poner un l\u00edmite que el estar adentro constituye una transgresi\u00f3n y de alguna manera raya con el delito al patrimonio publico\", acot\u00f3.<\/p>\n<p>Debido a este hecho la respuesta de la comunidad se convierte en un \"valor agregado\", ya que demuestra la reacci\u00f3n de la gente en los medios digitales, para que esto no vuelva a ocurrir.<\/p>\n<p>Por su parte, el secretario de Gobierno Gast\u00f3n Mill\u00f3n, dijo que \"aqu\u00ed se viraliz\u00f3 una im\u00e1gen de unos chicos divirti\u00e9ndose sobre una escultura de la ciudad, algunos lo quieren hacer pasar por travesura, esto va m\u00e1s all\u00e1 de ello porqu\u00e9 causaron da\u00f1os en la hiper realista escultura del General Lavalle\".<\/p>\n<p>Asimismo confirm\u00f3 que la Justicia Contravencional est\u00e1 actuando de oficio y que requiri\u00f3 un informe t\u00e9cnico al municipio el cual determin\u00f3 que existen da\u00f1os sobre la pintura, rotura de vidrios y la estructura de la misma.<\/p>\n<p>Tambi\u00e9n dijo que, \"existe la posibilidad de presentarnos como querellantes si la justicia determina que hubo un delito, m\u00e1s all\u00e1 de lo contravencional; ahora se dejar\u00e1 actuar a la Justicia\".<\/p>\n<p>&nbsp;<\/p>\n<p>&nbsp;<\/p>\n","protected":false},"excerpt":{"rendered":"<p>El intendente capitalino Ra\u00fal \"Chuli\" Jorge repudi\u00f3 los da\u00f1os que se ocasionaron a la escultura de la Muerte del General Lavalle en calle belgrano, hecho que se viraliz\u00f3 en las redes sociales y que llev\u00f3 a actuar de oficio al Juzgado Contravencional de la Provincia. El intendente Jorge destac\u00f3 el papel de las redes sociales [&hellip;]<\/p>\n","protected":false},"author":5,"featured_media":152520,"comment_status":"open","ping_status":"open","sticky":false,"template":"","format":"standard","meta":{"_stopmodifiedupdate":false,"_modified_date":"","inline_featured_image":false,"spay_email":"","jetpack_publicize_message":""},"categories":[485],"tags":[],"jetpack_featured_media_url":"https:\/\/notinor.com\/jujuy\/wp-content\/uploads\/2018\/01\/Da\u00f1os-a-monumento-a-Lavalle.jpg","jetpack_publicize_connections":[],"_links":{"self":[{"href":"https:\/\/notinor.com\/jujuy\/wp-json\/wp\/v2\/posts\/152517"}],"collection":[{"href":"https:\/\/notinor.com\/jujuy\/wp-json\/wp\/v2\/posts"}],"about":[{"href":"https:\/\/notinor.com\/jujuy\/wp-json\/wp\/v2\/types\/post"}],"author":[{"embeddable":true,"href":"https:\/\/notinor.com\/jujuy\/wp-json\/wp\/v2\/users\/5"}],"replies":[{"embeddable":true,"href":"https:\/\/notinor.com\/jujuy\/wp-json\/wp\/v2\/comments?post=152517"}],"version-history":[{"count":7,"href":"https:\/\/notinor.com\/jujuy\/wp-json\/wp\/v2\/posts\/152517\/revisions"}],"predecessor-version":[{"id":152608,"href":"https:\/\/notinor.com\/jujuy\/wp-json\/wp\/v2\/posts\/152517\/revisions\/152608"}],"wp:featuredmedia":[{"embeddable":true,"href":"https:\/\/notinor.com\/jujuy\/wp-json\/wp\/v2\/media\/152520"}],"wp:attachment":[{"href":"https:\/\/notinor.com\/jujuy\/wp-json\/wp\/v2\/media?parent=152517"}],"wp:term":[{"taxonomy":"category","embeddable":true,"href":"https:\/\/notinor.com\/jujuy\/wp-json\/wp\/v2\/categories?post=152517"},{"taxonomy":"post_tag","embeddable":true,"href":"https:\/\/notinor.com\/jujuy\/wp-json\/wp\/v2\/tags?post=152517"}],"curies":[{"name":"wp","href":"https:\/\/api.w.org\/{rel}","templated":true}]}}