{"id":152516,"date":"2018-01-04T00:10:43","date_gmt":"2018-01-04T03:10:43","guid":{"rendered":"http:\/\/notinor.com\/jujuy\/?p=152516"},"modified":"2018-01-04T08:02:01","modified_gmt":"2018-01-04T11:02:01","slug":"ate-realiza-manana-jueves-un-paro-por-24-horas","status":"publish","type":"post","link":"https:\/\/notinor.com\/jujuy\/ate-realiza-manana-jueves-un-paro-por-24-horas\/","title":{"rendered":"ATE realiza hoy un paro por 24 horas"},"content":{"rendered":"<p>\u201cEl paro se dan dentro de un marco nacional donde se est\u00e1n produciendo una gran cantidad de despidos como en SENASA y Agricultura Familiar a nivel nacional\u201d, se\u00f1al\u00f3 Brizuela.<\/p>\n<p>Asimismo se\u00f1alo que en Jujuy, en el tercer d\u00eda del nuevo a\u00f1o, ya se est\u00e1n enviando cartas y memorandos de despido, por tal motivo, hoy a horas 10:00, realizar\u00e1n una conferencia de prensa desde las instalaciones del Ministerio de salud exigiendo la continuidad de todos los contratos.<\/p>\n<p><a href=\"http:\/\/notinor.com\/jujuy\/wp-content\/uploads\/2016\/10\/brizuela-ATE.jpg\"><img decoding=\"async\" loading=\"lazy\" class=\"alignnone wp-image-95548 size-full\" src=\"http:\/\/notinor.com\/jujuy\/wp-content\/uploads\/2016\/10\/brizuela-ATE.jpg\" alt=\"brizuela-ate\" width=\"1600\" height=\"1200\" srcset=\"https:\/\/notinor.com\/jujuy\/wp-content\/uploads\/2016\/10\/brizuela-ATE.jpg 1600w, https:\/\/notinor.com\/jujuy\/wp-content\/uploads\/2016\/10\/brizuela-ATE-300x225.jpg 300w, https:\/\/notinor.com\/jujuy\/wp-content\/uploads\/2016\/10\/brizuela-ATE-1024x768.jpg 1024w, https:\/\/notinor.com\/jujuy\/wp-content\/uploads\/2016\/10\/brizuela-ATE-900x675.jpg 900w\" sizes=\"(max-width: 1600px) 100vw, 1600px\" \/><\/a><\/p>\n<p>\u201cEl gobierno como siempre desvincula los despidos\u00a0 pero hace hincapi\u00e9 en decir que no le vamos a renovar\u201d indic\u00f3 el gremialista y argumento que las medidas buscan frenar los despidos porque la gente se queda en la calle.<\/p>\n<p>En cuanto a los n\u00fameros que se registran Brizuela destac\u00f3 que \u201cse sabe de 60 despidos\u00a0 en el materno infantil, 25\u00a0 en el Hospital de Ni\u00f1os, 5 en el Municipio de La Esperanza, 10 en Maimara y as\u00ed se van sumando a lo largo y ancho de la provincia. Ma\u00f1ana tendr\u00edamos un panorama m\u00e1s claro de cuanto a los n\u00fameros\u201d esgrimi\u00f3.<\/p>\n<h2><strong>EL PRIMER PARO DEL A\u00d1O<\/strong><\/h2>\n<p>El paro ser\u00e1 sin asistencia a los lugares de trabajo con concentraci\u00f3n en el Ministerio de Salud a las 10:00 hs para una conferencia de prensa. Desde el gremio instaron a los compa\u00f1eros que reciban la carta de despido a acercarse al sindicato.<\/p>\n","protected":false},"excerpt":{"rendered":"<p>\u201cEl paro se dan dentro de un marco nacional donde se est\u00e1n produciendo una gran cantidad de despidos como en SENASA y Agricultura Familiar a nivel nacional\u201d, se\u00f1al\u00f3 Brizuela. Asimismo se\u00f1alo que en Jujuy, en el tercer d\u00eda del nuevo a\u00f1o, ya se est\u00e1n enviando cartas y memorandos de despido, por tal motivo, hoy a [&hellip;]<\/p>\n","protected":false},"author":1,"featured_media":114974,"comment_status":"open","ping_status":"open","sticky":false,"template":"","format":"standard","meta":{"_stopmodifiedupdate":false,"_modified_date":"","inline_featured_image":false,"spay_email":"","jetpack_publicize_message":""},"categories":[485],"tags":[],"jetpack_featured_media_url":"https:\/\/notinor.com\/jujuy\/wp-content\/uploads\/2017\/04\/Brizuela-ATE.jpg","jetpack_publicize_connections":[],"_links":{"self":[{"href":"https:\/\/notinor.com\/jujuy\/wp-json\/wp\/v2\/posts\/152516"}],"collection":[{"href":"https:\/\/notinor.com\/jujuy\/wp-json\/wp\/v2\/posts"}],"about":[{"href":"https:\/\/notinor.com\/jujuy\/wp-json\/wp\/v2\/types\/post"}],"author":[{"embeddable":true,"href":"https:\/\/notinor.com\/jujuy\/wp-json\/wp\/v2\/users\/1"}],"replies":[{"embeddable":true,"href":"https:\/\/notinor.com\/jujuy\/wp-json\/wp\/v2\/comments?post=152516"}],"version-history":[{"count":4,"href":"https:\/\/notinor.com\/jujuy\/wp-json\/wp\/v2\/posts\/152516\/revisions"}],"predecessor-version":[{"id":152621,"href":"https:\/\/notinor.com\/jujuy\/wp-json\/wp\/v2\/posts\/152516\/revisions\/152621"}],"wp:featuredmedia":[{"embeddable":true,"href":"https:\/\/notinor.com\/jujuy\/wp-json\/wp\/v2\/media\/114974"}],"wp:attachment":[{"href":"https:\/\/notinor.com\/jujuy\/wp-json\/wp\/v2\/media?parent=152516"}],"wp:term":[{"taxonomy":"category","embeddable":true,"href":"https:\/\/notinor.com\/jujuy\/wp-json\/wp\/v2\/categories?post=152516"},{"taxonomy":"post_tag","embeddable":true,"href":"https:\/\/notinor.com\/jujuy\/wp-json\/wp\/v2\/tags?post=152516"}],"curies":[{"name":"wp","href":"https:\/\/api.w.org\/{rel}","templated":true}]}}