{"id":152166,"date":"2017-12-31T06:25:15","date_gmt":"2017-12-31T09:25:15","guid":{"rendered":"http:\/\/notinor.com\/jujuy\/?p=152166"},"modified":"2018-01-10T08:05:51","modified_gmt":"2018-01-10T11:05:51","slug":"trabajamos-para-la-prohibicion-de-la-pirotecnia","status":"publish","type":"post","link":"https:\/\/notinor.com\/jujuy\/trabajamos-para-la-prohibicion-de-la-pirotecnia\/","title":{"rendered":"Trabajamos para la prohibici\u00f3n de la Pirotecnia"},"content":{"rendered":"<p class=\"m_-7559679602962147667m_-3908874042475732641gmail-MsoNormal\">Remarc\u00f3 que sigue firme el compromiso por lograr una ley sobre la regulaci\u00f3n de la pirotecnia, pero aclar\u00f3 que la misma saldr\u00e1 \"del consenso y el aporte de todos, priorizando el respeto por el ambiente y el pr\u00f3jimo\".<\/p>\n<p class=\"m_-7559679602962147667m_-3908874042475732641gmail-MsoNormal\"><a href=\"http:\/\/notinor.com\/jujuy\/wp-content\/uploads\/2016\/12\/PIROTECNIA.jpg\"><img decoding=\"async\" loading=\"lazy\" class=\"alignnone wp-image-101083 \" src=\"http:\/\/notinor.com\/jujuy\/wp-content\/uploads\/2016\/12\/PIROTECNIA.jpg\" alt=\"pirotecnia\" width=\"563\" height=\"407\" srcset=\"https:\/\/notinor.com\/jujuy\/wp-content\/uploads\/2016\/12\/PIROTECNIA.jpg 470w, https:\/\/notinor.com\/jujuy\/wp-content\/uploads\/2016\/12\/PIROTECNIA-300x217.jpg 300w, https:\/\/notinor.com\/jujuy\/wp-content\/uploads\/2016\/12\/PIROTECNIA-120x86.jpg 120w\" sizes=\"(max-width: 563px) 100vw, 563px\" \/><\/a><\/p>\n<p class=\"m_-7559679602962147667m_-3908874042475732641gmail-MsoNormal\"><span lang=\"ES-AR\">Manifest\u00f3 que el tema ya est\u00e1 instalado en la sociedad juje\u00f1a, ponderando el aporte, propuestas, de distintos sectores de la sociedad. \"Todos los puntos de vistas son v\u00e1lidos, la idea es recibirlos en su totalidad, porque no se trata de un proyecto cerrado sino abierto a la opini\u00f3n p\u00fablica\" indic\u00f3.<\/span><\/p>\n<p class=\"m_-7559679602962147667m_-3908874042475732641gmail-MsoNormal\"><span lang=\"ES-AR\">Refiri\u00e9ndose a los da\u00f1os irreversibles que pueden producirse al usar pirotecnia remarc\u00f3 la importancia de tomar conciencia de su uso e inst\u00f3 a los adultos a \"generar h\u00e1bitos en los ni\u00f1os de no utilizaci\u00f3n de pirotecnia\".<\/span><\/p>\n<p class=\"m_-7559679602962147667m_-3908874042475732641gmail-MsoNormal\"><span lang=\"ES-AR\">\"Trabajamos para la prohibici\u00f3n de la pirotecnia, a un cambio cultural que por eso mismo necesita de una amplia participaci\u00f3n de los sectores involucrados\" enfatiz\u00f3.<\/span><\/p>\n<p class=\"m_-7559679602962147667m_-3908874042475732641gmail-MsoNormal\"><span lang=\"ES-AR\">Destac\u00f3 luego que se viene trabajando con el Ministerio de Ambiente y afirm\u00f3 que \"qued\u00f3 el compromiso para lograr la aprobaci\u00f3n de la Ley el a\u00f1o que viene\". Agreg\u00f3 que \"es importante que salga la Ley porque hoy no tenemos un marco regulatorio y desde la Legislatura hemos venido recibiendo innumerables aportes de diferentes instituciones para enriquecer el proyecto\".<\/span><\/p>\n<p class=\"m_-7559679602962147667m_-3908874042475732641gmail-MsoNormal\"><span lang=\"ES-AR\">La Legisladora, que tambi\u00e9n elev\u00f3 el proyecto al Ministerio de Salud para que haga llegar un informe y opini\u00f3n al respecto, manifest\u00f3 que se trata de una \"apuesta a la concientizaci\u00f3n sobre los da\u00f1os que produce la pirotecnia\u00a0a las personas mayores enfermas, ni\u00f1os, mascotas, animales silvestres, personas con autismo, veteranos de guerra y en s\u00ed a todo el ambiente\".<\/span><\/p>\n<p class=\"m_-7559679602962147667m_-3908874042475732641gmail-MsoNormal\"><a href=\"http:\/\/notinor.com\/jujuy\/wp-content\/uploads\/2016\/12\/animales-miedo-pirotecnia.jpg\"><img decoding=\"async\" loading=\"lazy\" class=\"alignnone wp-image-101686 size-full\" src=\"http:\/\/notinor.com\/jujuy\/wp-content\/uploads\/2016\/12\/animales-miedo-pirotecnia.jpg\" alt=\"animales-miedo-pirotecnia\" width=\"600\" height=\"400\" srcset=\"https:\/\/notinor.com\/jujuy\/wp-content\/uploads\/2016\/12\/animales-miedo-pirotecnia.jpg 600w, https:\/\/notinor.com\/jujuy\/wp-content\/uploads\/2016\/12\/animales-miedo-pirotecnia-300x200.jpg 300w\" sizes=\"(max-width: 600px) 100vw, 600px\" \/><\/a><\/p>\n<p class=\"m_-7559679602962147667m_-3908874042475732641gmail-MsoNormal\"><span lang=\"ES-AR\">\u00a0<\/span><span lang=\"ES-AR\">Resalt\u00f3 la importancia de las campa\u00f1as de prevenci\u00f3n que se est\u00e1n llevando adelante, se\u00f1al\u00f3 que \u00e9stas deben perdurar en el tiempo y ser sostenibles.<\/span><\/p>\n<p class=\"m_-7559679602962147667m_-3908874042475732641gmail-MsoNormal\"><span lang=\"ES-AR\">\"Son muchos los esfuerzos de asociaciones protectoras de animales, ambientalistas, bomberos, medios de comunicaci\u00f3n, Municipios, Ministerio de Ambiente, Polic\u00eda y vecinos que realizan campa\u00f1as de prevenci\u00f3n, por eso debemos respetar y comprender qu\u00e9 hay alternativas para celebrar acontecimientos\" enfatiz\u00f3.<\/span><\/p>\n<p class=\"m_-7559679602962147667m_-3908874042475732641gmail-MsoNormal\">EJEMPLOS DE PIROTECNIA CERO<\/p>\n<p class=\"m_-7559679602962147667m_-3908874042475732641gmail-MsoNormal\"><span lang=\"ES-AR\">En nuestro pa\u00eds las provincias de Tierra del Fuego, Salta, C\u00f3rdoba, Mendoza y Neuqu\u00e9n ya se sumaron a la prohibici\u00f3n de la pirotecnia. Mientas que e<\/span><span lang=\"ES-AR\">n Jujuy contamos con Municipios que adhirieron a \"Pirotecnia Cero\" como San Pedro, Palpal\u00e1, El Carmen, Libertador General San Mart\u00edn, Yala, San Antonio y La Quiaca.<\/span><\/p>\n<p class=\"m_-7559679602962147667m_-3908874042475732641gmail-MsoNormal\"><span lang=\"ES-AR\">La Legisladora sostuvo que \"los Municipios que cuentan con una ordenanza que establece Pirotecnia Cero han registrado un avance al respecto, ya que durante los festejos de la Navidad se apreci\u00f3 una considerable reducci\u00f3n del uso de la pirotecnia y esto insta a que otros Municipios tambi\u00e9n hagan lo mismo y acompa\u00f1en este cambio cultural\".<\/span><\/p>\n<p class=\"m_-7559679602962147667m_-3908874042475732641gmail-MsoNormal\"><span lang=\"ES-TRAD\">\u00a0<\/span><\/p>\n","protected":false},"excerpt":{"rendered":"<p>Remarc\u00f3 que sigue firme el compromiso por lograr una ley sobre la regulaci\u00f3n de la pirotecnia, pero aclar\u00f3 que la misma saldr\u00e1 \"del consenso y el aporte de todos, priorizando el respeto por el ambiente y el pr\u00f3jimo\". Manifest\u00f3 que el tema ya est\u00e1 instalado en la sociedad juje\u00f1a, ponderando el aporte, propuestas, de distintos [&hellip;]<\/p>\n","protected":false},"author":1,"featured_media":125212,"comment_status":"open","ping_status":"open","sticky":false,"template":"","format":"standard","meta":{"_stopmodifiedupdate":false,"_modified_date":"","inline_featured_image":false},"categories":[519,493],"tags":[],"jetpack_featured_media_url":"https:\/\/notinor.com\/jujuy\/wp-content\/uploads\/2017\/07\/diputada-provincial-Victoria-Luna-Murillo.jpg","_links":{"self":[{"href":"https:\/\/notinor.com\/jujuy\/wp-json\/wp\/v2\/posts\/152166"}],"collection":[{"href":"https:\/\/notinor.com\/jujuy\/wp-json\/wp\/v2\/posts"}],"about":[{"href":"https:\/\/notinor.com\/jujuy\/wp-json\/wp\/v2\/types\/post"}],"author":[{"embeddable":true,"href":"https:\/\/notinor.com\/jujuy\/wp-json\/wp\/v2\/users\/1"}],"replies":[{"embeddable":true,"href":"https:\/\/notinor.com\/jujuy\/wp-json\/wp\/v2\/comments?post=152166"}],"version-history":[{"count":3,"href":"https:\/\/notinor.com\/jujuy\/wp-json\/wp\/v2\/posts\/152166\/revisions"}],"predecessor-version":[{"id":152207,"href":"https:\/\/notinor.com\/jujuy\/wp-json\/wp\/v2\/posts\/152166\/revisions\/152207"}],"wp:featuredmedia":[{"embeddable":true,"href":"https:\/\/notinor.com\/jujuy\/wp-json\/wp\/v2\/media\/125212"}],"wp:attachment":[{"href":"https:\/\/notinor.com\/jujuy\/wp-json\/wp\/v2\/media?parent=152166"}],"wp:term":[{"taxonomy":"category","embeddable":true,"href":"https:\/\/notinor.com\/jujuy\/wp-json\/wp\/v2\/categories?post=152166"},{"taxonomy":"post_tag","embeddable":true,"href":"https:\/\/notinor.com\/jujuy\/wp-json\/wp\/v2\/tags?post=152166"}],"curies":[{"name":"wp","href":"https:\/\/api.w.org\/{rel}","templated":true}]}}