{"id":152115,"date":"2017-12-30T06:42:25","date_gmt":"2017-12-30T09:42:25","guid":{"rendered":"http:\/\/notinor.com\/jujuy\/?p=152115"},"modified":"2018-01-10T08:06:02","modified_gmt":"2018-01-10T11:06:02","slug":"alejandro-aldana-y-un-balance-sobre-la-cultura","status":"publish","type":"post","link":"https:\/\/notinor.com\/jujuy\/alejandro-aldana-y-un-balance-sobre-la-cultura\/","title":{"rendered":"Alejandro Aldana y un balance sobre la Cultura"},"content":{"rendered":"<p><a href=\"http:\/\/notinor.com\/jujuy\/wp-content\/uploads\/2017\/11\/aldana.jpg\"><img decoding=\"async\" loading=\"lazy\" class=\"alignnone size-full wp-image-143950\" src=\"http:\/\/notinor.com\/jujuy\/wp-content\/uploads\/2017\/11\/aldana.jpg\" alt=\"aldana\" width=\"1280\" height=\"960\" \/><\/a><\/p>\n<p>\u201cHemos puesto tambi\u00e9n a disposici\u00f3n de todos el material de todos los programas y de c\u00f3mo hemos estado presente en todo el territorio de la provincia tanto con la Direcci\u00f3n Provincial de Derechos Culturales como con la Direcci\u00f3n de Patrimonio\u201d indic\u00f3.<\/p>\n<p>Asimismo, mencion\u00f3 la creaci\u00f3n de la nueva Unidad de Gesti\u00f3n de Qhapaq \u00d1an, que busca cumplir con una obligaci\u00f3n ante la UNESCO de tener una coordinaci\u00f3n que vaya trabajado en lo que va a ser la implementaci\u00f3n del Qhapaq \u00d1an, no solo en lo que hace a la cultura y patrimonio arqueol\u00f3gico, sino tambi\u00e9n fortaleciendo al turismo en cuanto al Qhapaq \u00d1an como un nuevo circuito para recorrer.<\/p>\n<h2><strong>PROYECCIONES<\/strong><\/h2>\n<p>En cuanto a lo que se viene, \u201chemos lanzado dentro de lo que es el Consejo Provincial de Cultura el \u201cPrograma Celebrar\u201d que es la colaboraci\u00f3n y la asistencia a los municipios del interior con una fiesta \u00fanica apoyando la celebraci\u00f3n m\u00e1s importante que tenga cada municipio\u201d manifest\u00f3 Aldana.<\/p>\n<p>Explic\u00f3 que para esto hay una convocatoria para que cada municipio se incorpore al programa y de esta manera desde el Consejo Provincial de Cultura se pueda colaborar con el sonido, artistas, escenario y lo que la fiesta requiera para tener toda la relevancia por ser la fiesta m\u00e1s importante de cada pueblo. \u201cLas bases de celebrar est\u00e1n disponibles para todos\u201d se\u00f1al\u00f3.<\/p>\n<p>Por \u00faltimo el Secretario anticip\u00f3 que est\u00e1 proyectado para el 2018, el Congreso Nacional del Folclore organizado junto a la Academia Nacional del Folclore, dicho proyecto se prev\u00e9 para agosto del pr\u00f3ximo a\u00f1o. \u201cHay una serie de proyectos que se gestaron en el 2017 pero que van a tener su fruto en el 2018\u201d concluy\u00f3.<\/p>\n","protected":false},"excerpt":{"rendered":"<p>\u201cHemos puesto tambi\u00e9n a disposici\u00f3n de todos el material de todos los programas y de c\u00f3mo hemos estado presente en todo el territorio de la provincia tanto con la Direcci\u00f3n Provincial de Derechos Culturales como con la Direcci\u00f3n de Patrimonio\u201d indic\u00f3. Asimismo, mencion\u00f3 la creaci\u00f3n de la nueva Unidad de Gesti\u00f3n de Qhapaq \u00d1an, que [&hellip;]<\/p>\n","protected":false},"author":1,"featured_media":143950,"comment_status":"open","ping_status":"open","sticky":false,"template":"","format":"standard","meta":{"_stopmodifiedupdate":false,"_modified_date":"","inline_featured_image":false},"categories":[519,493],"tags":[],"jetpack_featured_media_url":"https:\/\/notinor.com\/jujuy\/wp-content\/uploads\/2017\/11\/aldana.jpg","_links":{"self":[{"href":"https:\/\/notinor.com\/jujuy\/wp-json\/wp\/v2\/posts\/152115"}],"collection":[{"href":"https:\/\/notinor.com\/jujuy\/wp-json\/wp\/v2\/posts"}],"about":[{"href":"https:\/\/notinor.com\/jujuy\/wp-json\/wp\/v2\/types\/post"}],"author":[{"embeddable":true,"href":"https:\/\/notinor.com\/jujuy\/wp-json\/wp\/v2\/users\/1"}],"replies":[{"embeddable":true,"href":"https:\/\/notinor.com\/jujuy\/wp-json\/wp\/v2\/comments?post=152115"}],"version-history":[{"count":3,"href":"https:\/\/notinor.com\/jujuy\/wp-json\/wp\/v2\/posts\/152115\/revisions"}],"predecessor-version":[{"id":152138,"href":"https:\/\/notinor.com\/jujuy\/wp-json\/wp\/v2\/posts\/152115\/revisions\/152138"}],"wp:featuredmedia":[{"embeddable":true,"href":"https:\/\/notinor.com\/jujuy\/wp-json\/wp\/v2\/media\/143950"}],"wp:attachment":[{"href":"https:\/\/notinor.com\/jujuy\/wp-json\/wp\/v2\/media?parent=152115"}],"wp:term":[{"taxonomy":"category","embeddable":true,"href":"https:\/\/notinor.com\/jujuy\/wp-json\/wp\/v2\/categories?post=152115"},{"taxonomy":"post_tag","embeddable":true,"href":"https:\/\/notinor.com\/jujuy\/wp-json\/wp\/v2\/tags?post=152115"}],"curies":[{"name":"wp","href":"https:\/\/api.w.org\/{rel}","templated":true}]}}