{"id":1519,"date":"2014-10-18T12:05:02","date_gmt":"2014-10-18T12:05:02","guid":{"rendered":"http:\/\/notinor.com\/jujuy\/?p=1519"},"modified":"2014-10-18T12:05:02","modified_gmt":"2014-10-18T12:05:02","slug":"martinez-valentin-rodolfo-q-e-p-d","status":"publish","type":"post","link":"https:\/\/notinor.com\/jujuy\/martinez-valentin-rodolfo-q-e-p-d\/","title":{"rendered":"MARTINEZ ,Valentin Rodolfo (Q.E.P.D.)"},"content":{"rendered":"<p>Falleci\u00f3 el d\u00eda 17 de octubre de 2014 en Libertador Gral. San Mart\u00edn. Sus hijos: Eloisa, Lucas, \u00c1ngela, Santos, N\u00e9stor y Daniel, hijos pol\u00edticos, nietos y dem\u00e1s familiares participan y comunican que sus restos ser\u00e1n inhumados hoy en la Necr\u00f3polis Municipal a hs. 10.00 Lugar de Velatorio: Mza. 220-Lote 7-B\u00ba San Francisco- L.G.S.M. Ceremonial y Honras F\u00fanebres Servicios Sociales Instituto del Norte S.A. Av. 23 de Agosto N\u00ba 309-B\u00ba J.M. Rosas- Tel: 03886-424661<\/p>\n","protected":false},"excerpt":{"rendered":"<p>Falleci\u00f3 el d\u00eda 17 de octubre de 2014 en Libertador Gral. San Mart\u00edn. Sus hijos: Eloisa, Lucas, \u00c1ngela, Santos, N\u00e9stor y Daniel, hijos pol\u00edticos, nietos y dem\u00e1s familiares participan y comunican que sus restos ser\u00e1n inhumados hoy en la Necr\u00f3polis Municipal a hs. 10.00 Lugar de Velatorio: Mza. 220-Lote 7-B\u00ba San Francisco- L.G.S.M. Ceremonial y [&hellip;]<\/p>\n","protected":false},"author":5,"featured_media":221,"comment_status":"open","ping_status":"open","sticky":false,"template":"","format":"standard","meta":{"_stopmodifiedupdate":false,"_modified_date":"","inline_featured_image":false,"spay_email":"","jetpack_publicize_message":""},"categories":[18],"tags":[],"jetpack_featured_media_url":"https:\/\/notinor.com\/jujuy\/wp-content\/uploads\/2014\/10\/Obituarios.jpg","jetpack_publicize_connections":[],"_links":{"self":[{"href":"https:\/\/notinor.com\/jujuy\/wp-json\/wp\/v2\/posts\/1519"}],"collection":[{"href":"https:\/\/notinor.com\/jujuy\/wp-json\/wp\/v2\/posts"}],"about":[{"href":"https:\/\/notinor.com\/jujuy\/wp-json\/wp\/v2\/types\/post"}],"author":[{"embeddable":true,"href":"https:\/\/notinor.com\/jujuy\/wp-json\/wp\/v2\/users\/5"}],"replies":[{"embeddable":true,"href":"https:\/\/notinor.com\/jujuy\/wp-json\/wp\/v2\/comments?post=1519"}],"version-history":[{"count":1,"href":"https:\/\/notinor.com\/jujuy\/wp-json\/wp\/v2\/posts\/1519\/revisions"}],"predecessor-version":[{"id":1520,"href":"https:\/\/notinor.com\/jujuy\/wp-json\/wp\/v2\/posts\/1519\/revisions\/1520"}],"wp:featuredmedia":[{"embeddable":true,"href":"https:\/\/notinor.com\/jujuy\/wp-json\/wp\/v2\/media\/221"}],"wp:attachment":[{"href":"https:\/\/notinor.com\/jujuy\/wp-json\/wp\/v2\/media?parent=1519"}],"wp:term":[{"taxonomy":"category","embeddable":true,"href":"https:\/\/notinor.com\/jujuy\/wp-json\/wp\/v2\/categories?post=1519"},{"taxonomy":"post_tag","embeddable":true,"href":"https:\/\/notinor.com\/jujuy\/wp-json\/wp\/v2\/tags?post=1519"}],"curies":[{"name":"wp","href":"https:\/\/api.w.org\/{rel}","templated":true}]}}