{"id":151769,"date":"2017-12-28T07:11:00","date_gmt":"2017-12-28T10:11:00","guid":{"rendered":"http:\/\/notinor.com\/jujuy\/?p=151769"},"modified":"2017-12-28T07:11:00","modified_gmt":"2017-12-28T10:11:00","slug":"los-maestros-donaran-el-kit-navideno","status":"publish","type":"post","link":"https:\/\/notinor.com\/jujuy\/los-maestros-donaran-el-kit-navideno\/","title":{"rendered":"Los maestros donaran el kit navide\u00f1o"},"content":{"rendered":"<p><a href=\"http:\/\/notinor.com\/jujuy\/wp-content\/uploads\/2017\/12\/WhatsApp-Image-2017-12-28-at-07.10.16.jpeg\"><img decoding=\"async\" loading=\"lazy\" class=\"alignnone size-full wp-image-151770\" src=\"http:\/\/notinor.com\/jujuy\/wp-content\/uploads\/2017\/12\/WhatsApp-Image-2017-12-28-at-07.10.16.jpeg\" alt=\"WhatsApp Image 2017-12-28 at 07.10.16\" width=\"540\" height=\"225\" \/><\/a><\/p>\n<p>\u201cLos docentes decimos NO al kit navide\u00f1o y exigimos nuestros Derechos\u201d,\u00a0 dice el comunicado virtual que circula por las redes sociales.<\/p>\n<p>Recordemos que en el d\u00eda de ayer, mediante un comunicado, el gremio docente expres\u00f3 su m\u00e1s en\u00e9rgico rechazo a la\u00a0distribuci\u00f3n de los kits navide\u00f1os anunciados por el Ministerio de Educaci\u00f3n, puesto que seg\u00fan este \u201cno compensa en lo m\u00e1s m\u00ednimo la p\u00e9rdida del poder adquisitivo del salario docente\u201d.<\/p>\n<p>Dicho comunicado instan a los afiliados a manifestarse no recibiendo lo que consideran una \u201cm\u00edsera e indigna d\u00e1diva\u201d que provoca malestar y que consideran una falta de respeto a la labor docente.<\/p>\n<p>Hoy los educadores concentraran \u00a0en Casa de Gobierno a partir de las 18 horas,\u00a0donde reclamar\u00e1n una vez m\u00e1s las paritarias, salarios dignos, devoluci\u00f3n de d\u00edas de paro, derogaci\u00f3n de la asignaci\u00f3n por presentismo, entre otros temas.<\/p>\n<p>\u201cDonamos el kit navide\u00f1o. Los docentes estaremos repartiendo las d\u00e1divas de Morales y Calsina\u201d es otro de los mensajes que circulan a trav\u00e9s de mensajes de Whatsapp.<\/p>\n","protected":false},"excerpt":{"rendered":"<p>\u201cLos docentes decimos NO al kit navide\u00f1o y exigimos nuestros Derechos\u201d,\u00a0 dice el comunicado virtual que circula por las redes sociales. Recordemos que en el d\u00eda de ayer, mediante un comunicado, el gremio docente expres\u00f3 su m\u00e1s en\u00e9rgico rechazo a la\u00a0distribuci\u00f3n de los kits navide\u00f1os anunciados por el Ministerio de Educaci\u00f3n, puesto que seg\u00fan este [&hellip;]<\/p>\n","protected":false},"author":1,"featured_media":151770,"comment_status":"open","ping_status":"open","sticky":false,"template":"","format":"standard","meta":{"_stopmodifiedupdate":false,"_modified_date":"","inline_featured_image":false},"categories":[485],"tags":[],"jetpack_featured_media_url":"https:\/\/notinor.com\/jujuy\/wp-content\/uploads\/2017\/12\/WhatsApp-Image-2017-12-28-at-07.10.16.jpeg","_links":{"self":[{"href":"https:\/\/notinor.com\/jujuy\/wp-json\/wp\/v2\/posts\/151769"}],"collection":[{"href":"https:\/\/notinor.com\/jujuy\/wp-json\/wp\/v2\/posts"}],"about":[{"href":"https:\/\/notinor.com\/jujuy\/wp-json\/wp\/v2\/types\/post"}],"author":[{"embeddable":true,"href":"https:\/\/notinor.com\/jujuy\/wp-json\/wp\/v2\/users\/1"}],"replies":[{"embeddable":true,"href":"https:\/\/notinor.com\/jujuy\/wp-json\/wp\/v2\/comments?post=151769"}],"version-history":[{"count":1,"href":"https:\/\/notinor.com\/jujuy\/wp-json\/wp\/v2\/posts\/151769\/revisions"}],"predecessor-version":[{"id":151771,"href":"https:\/\/notinor.com\/jujuy\/wp-json\/wp\/v2\/posts\/151769\/revisions\/151771"}],"wp:featuredmedia":[{"embeddable":true,"href":"https:\/\/notinor.com\/jujuy\/wp-json\/wp\/v2\/media\/151770"}],"wp:attachment":[{"href":"https:\/\/notinor.com\/jujuy\/wp-json\/wp\/v2\/media?parent=151769"}],"wp:term":[{"taxonomy":"category","embeddable":true,"href":"https:\/\/notinor.com\/jujuy\/wp-json\/wp\/v2\/categories?post=151769"},{"taxonomy":"post_tag","embeddable":true,"href":"https:\/\/notinor.com\/jujuy\/wp-json\/wp\/v2\/tags?post=151769"}],"curies":[{"name":"wp","href":"https:\/\/api.w.org\/{rel}","templated":true}]}}