{"id":15152,"date":"2015-02-04T11:36:49","date_gmt":"2015-02-04T14:36:49","guid":{"rendered":"http:\/\/notinor.com\/jujuy\/?p=15152"},"modified":"2015-02-04T11:36:49","modified_gmt":"2015-02-04T14:36:49","slug":"jueves-de-compadres-junto-los-cumpas","status":"publish","type":"post","link":"https:\/\/notinor.com\/jujuy\/jueves-de-compadres-junto-los-cumpas\/","title":{"rendered":"Jueves de compadres junto Los Cumpas"},"content":{"rendered":"<p>Este jueves en Asociaci\u00f3n Gaucha de Bajo la Vi\u00f1a a partir de las 20 horas, con la organizaci\u00f3n de la \"Pe\u00f1a Los Cumpas\".<\/p>\n<p>Todo listo para iniciar los festejos del carnaval, con el turno de los compadres, quienes festejaran su d\u00eda junto a numerosos artistas. Entre ellos Tomas Lipan, Cesar y su grupo Felicidad, Coroico, Tupac 7, Gato Garc\u00eda, As\u00ed No M\u00e1s y Amaranto.<\/p>\n<p>Las primeras 50 comadres ingresaran gratis, las ventas de las entradas anticipadas se realizan en la \u00f3ptica ubicada en calle Alvear 731, de nuestra ciudad.<\/p>\n<p><a href=\"http:\/\/notinor.com\/jujuy\/wp-content\/uploads\/2015\/02\/jueves-de-compadres-los-cumpas.jpg\"><img decoding=\"async\" loading=\"lazy\" class=\"alignnone  wp-image-15153\" src=\"http:\/\/notinor.com\/jujuy\/wp-content\/uploads\/2015\/02\/jueves-de-compadres-los-cumpas.jpg\" alt=\"jueves de compadres los cumpas\" width=\"803\" height=\"502\" srcset=\"https:\/\/notinor.com\/jujuy\/wp-content\/uploads\/2015\/02\/jueves-de-compadres-los-cumpas.jpg 954w, https:\/\/notinor.com\/jujuy\/wp-content\/uploads\/2015\/02\/jueves-de-compadres-los-cumpas-300x187.jpg 300w\" sizes=\"(max-width: 803px) 100vw, 803px\" \/><\/a><\/p>\n<p>&nbsp;<\/p>\n","protected":false},"excerpt":{"rendered":"<p>Este jueves en Asociaci\u00f3n Gaucha de Bajo la Vi\u00f1a a partir de las 20 horas, con la organizaci\u00f3n de la \"Pe\u00f1a Los Cumpas\". Todo listo para iniciar los festejos del carnaval, con el turno de los compadres, quienes festejaran su d\u00eda junto a numerosos artistas. Entre ellos Tomas Lipan, Cesar y su grupo Felicidad, Coroico, [&hellip;]<\/p>\n","protected":false},"author":1,"featured_media":15153,"comment_status":"open","ping_status":"open","sticky":false,"template":"","format":"standard","meta":{"_stopmodifiedupdate":false,"_modified_date":"","inline_featured_image":false,"spay_email":"","jetpack_publicize_message":""},"categories":[21],"tags":[],"jetpack_featured_media_url":"https:\/\/notinor.com\/jujuy\/wp-content\/uploads\/2015\/02\/jueves-de-compadres-los-cumpas.jpg","jetpack_publicize_connections":[],"_links":{"self":[{"href":"https:\/\/notinor.com\/jujuy\/wp-json\/wp\/v2\/posts\/15152"}],"collection":[{"href":"https:\/\/notinor.com\/jujuy\/wp-json\/wp\/v2\/posts"}],"about":[{"href":"https:\/\/notinor.com\/jujuy\/wp-json\/wp\/v2\/types\/post"}],"author":[{"embeddable":true,"href":"https:\/\/notinor.com\/jujuy\/wp-json\/wp\/v2\/users\/1"}],"replies":[{"embeddable":true,"href":"https:\/\/notinor.com\/jujuy\/wp-json\/wp\/v2\/comments?post=15152"}],"version-history":[{"count":1,"href":"https:\/\/notinor.com\/jujuy\/wp-json\/wp\/v2\/posts\/15152\/revisions"}],"predecessor-version":[{"id":15155,"href":"https:\/\/notinor.com\/jujuy\/wp-json\/wp\/v2\/posts\/15152\/revisions\/15155"}],"wp:featuredmedia":[{"embeddable":true,"href":"https:\/\/notinor.com\/jujuy\/wp-json\/wp\/v2\/media\/15153"}],"wp:attachment":[{"href":"https:\/\/notinor.com\/jujuy\/wp-json\/wp\/v2\/media?parent=15152"}],"wp:term":[{"taxonomy":"category","embeddable":true,"href":"https:\/\/notinor.com\/jujuy\/wp-json\/wp\/v2\/categories?post=15152"},{"taxonomy":"post_tag","embeddable":true,"href":"https:\/\/notinor.com\/jujuy\/wp-json\/wp\/v2\/tags?post=15152"}],"curies":[{"name":"wp","href":"https:\/\/api.w.org\/{rel}","templated":true}]}}