{"id":15140,"date":"2015-02-04T09:26:10","date_gmt":"2015-02-04T12:26:10","guid":{"rendered":"http:\/\/notinor.com\/jujuy\/?p=15140"},"modified":"2015-02-05T09:20:09","modified_gmt":"2015-02-05T12:20:09","slug":"farfan-lucia-carmen-q-e-p-d","status":"publish","type":"post","link":"https:\/\/notinor.com\/jujuy\/farfan-lucia-carmen-q-e-p-d\/","title":{"rendered":"FARFAN, Lucia Carmen (Q.E.P.D.)"},"content":{"rendered":"<p>Falleci\u00f3 el d\u00eda 3 de febrero del 2015 a hs. 22:30. C.A.S.R. y B.P. a la edad de 71 a\u00f1os. Sus hijos Ang\u00e9lica Leticia, Haydee Adelina, Fernando Dar\u00edo y V\u00edctor Jos\u00e9 Luis Guerra su hijo pol\u00edtico Oscar Dante Flores; su madre Genoveva Taboada de Farf\u00e1n; sus nietos Agust\u00edn, Facundo y Lautaro Flores; sus hermanos Jes\u00fas, Rosa, Juan Carlos, Marta Rosal\u00eda, Armando Arturo e Irma Farf\u00e1n; sus hermanos pol\u00edticos; sus sobrinos y dem\u00e1s familiares participan con profundo dolor su fallecimiento e invitan a sus amistades y dem\u00e1s personas piadosas al sepelio de sus restos hoy 5 febrero del 2015, a horas 11.30 en el Cementerio Parque El Solar. FAE. Casa de duelo salas Arenales de empresa La Piedad, sita en Arenales 1145. Ritual de homenaje empresa La Piedad. Salta 727. Tel\u00e9fono 4222487. L\u00ednea gratuita 0800-444-5274.<\/p>\n","protected":false},"excerpt":{"rendered":"<p>Falleci\u00f3 el d\u00eda 3 de febrero del 2015 a hs. 22:30. C.A.S.R. y B.P. a la edad de 71 a\u00f1os. Sus hijos Ang\u00e9lica Leticia, Haydee Adelina, Fernando Dar\u00edo y V\u00edctor Jos\u00e9 Luis Guerra su hijo pol\u00edtico Oscar Dante Flores; su madre Genoveva Taboada de Farf\u00e1n; sus nietos Agust\u00edn, Facundo y Lautaro Flores; sus hermanos Jes\u00fas, [&hellip;]<\/p>\n","protected":false},"author":5,"featured_media":14233,"comment_status":"open","ping_status":"open","sticky":false,"template":"","format":"standard","meta":{"_stopmodifiedupdate":false,"_modified_date":"","inline_featured_image":false},"categories":[18],"tags":[],"jetpack_featured_media_url":"https:\/\/notinor.com\/jujuy\/wp-content\/uploads\/2015\/01\/Obituarios1.jpg","_links":{"self":[{"href":"https:\/\/notinor.com\/jujuy\/wp-json\/wp\/v2\/posts\/15140"}],"collection":[{"href":"https:\/\/notinor.com\/jujuy\/wp-json\/wp\/v2\/posts"}],"about":[{"href":"https:\/\/notinor.com\/jujuy\/wp-json\/wp\/v2\/types\/post"}],"author":[{"embeddable":true,"href":"https:\/\/notinor.com\/jujuy\/wp-json\/wp\/v2\/users\/5"}],"replies":[{"embeddable":true,"href":"https:\/\/notinor.com\/jujuy\/wp-json\/wp\/v2\/comments?post=15140"}],"version-history":[{"count":2,"href":"https:\/\/notinor.com\/jujuy\/wp-json\/wp\/v2\/posts\/15140\/revisions"}],"predecessor-version":[{"id":15267,"href":"https:\/\/notinor.com\/jujuy\/wp-json\/wp\/v2\/posts\/15140\/revisions\/15267"}],"wp:featuredmedia":[{"embeddable":true,"href":"https:\/\/notinor.com\/jujuy\/wp-json\/wp\/v2\/media\/14233"}],"wp:attachment":[{"href":"https:\/\/notinor.com\/jujuy\/wp-json\/wp\/v2\/media?parent=15140"}],"wp:term":[{"taxonomy":"category","embeddable":true,"href":"https:\/\/notinor.com\/jujuy\/wp-json\/wp\/v2\/categories?post=15140"},{"taxonomy":"post_tag","embeddable":true,"href":"https:\/\/notinor.com\/jujuy\/wp-json\/wp\/v2\/tags?post=15140"}],"curies":[{"name":"wp","href":"https:\/\/api.w.org\/{rel}","templated":true}]}}