{"id":15135,"date":"2015-02-04T00:02:06","date_gmt":"2015-02-04T03:02:06","guid":{"rendered":"http:\/\/notinor.com\/jujuy\/?p=15135"},"modified":"2015-02-04T02:31:24","modified_gmt":"2015-02-04T05:31:24","slug":"la-vilca-cine-con-nueva-funcion","status":"publish","type":"post","link":"https:\/\/notinor.com\/jujuy\/la-vilca-cine-con-nueva-funcion\/","title":{"rendered":"\u201cLa Vilca cine\u201d con nueva funci\u00f3n"},"content":{"rendered":"<p>Esta noche a partir de las 20.30 horas se realizara la segunda jornada del ciclo \u201cLa Vilca Cine\u201d que se desarrollar\u00e1 en las instalaciones de la plaza seca \"Ricardo Vilca\" .<\/p>\n<p>&nbsp;<\/p>\n<p>Esta iniciativa nace con el prop\u00f3sito de crear un espacio de recreaci\u00f3n y encuentro para toda la comunidad juje\u00f1a, posibilitando el acceso a los bienes culturales del cine nacional e internacional, como as\u00ed tambi\u00e9n llevando a distintos puntos de la provincia los films ganadores del \u201cFestival Internacional Ventana Andina\u201d y los mejores cortometrajes de la ENERC que fueron premiados a nivel internacional.<\/p>\n<p>&nbsp;<\/p>\n<p>En la funci\u00f3n de hoy los espectadores podr\u00e1n disfrutar del documental \"Bienaventurados\", dirigido por Andr\u00e9s Pasman. Esta proyecci\u00f3n muestra la historia de Jos\u00e9 y Seraf\u00edn, dos ni\u00f1os oriundos de una isla del Delta quienes a ra\u00edz de una tragedia familiar, deciden emprender un largo viaje de fe y esperanza en una procesi\u00f3n que los lleve a cumplir el deseo de ayudar a su madre.<\/p>\n<p>&nbsp;<\/p>\n<p>Es enfrentando la diversas situaciones del camino como nace la fuerza de estos dos hermanos, por momentos intensa y reveladora. El amor y el \u00edmpetu de los chicos nos muestran el desaf\u00edo de transformar su entorno y recuperar el \u00e1nimo de una madre que perdi\u00f3 las ganas de vivir.<\/p>\n<p>&nbsp;<\/p>\n<p><a href=\"http:\/\/notinor.com\/jujuy\/wp-content\/uploads\/2015\/02\/030215-cultura_15938.jpg\"><img decoding=\"async\" loading=\"lazy\" class=\"alignnone  wp-image-15136\" src=\"http:\/\/notinor.com\/jujuy\/wp-content\/uploads\/2015\/02\/030215-cultura_15938.jpg\" alt=\"030215-cultura_15938\" width=\"483\" height=\"362\" srcset=\"https:\/\/notinor.com\/jujuy\/wp-content\/uploads\/2015\/02\/030215-cultura_15938.jpg 800w, https:\/\/notinor.com\/jujuy\/wp-content\/uploads\/2015\/02\/030215-cultura_15938-300x225.jpg 300w\" sizes=\"(max-width: 483px) 100vw, 483px\" \/><\/a><\/p>\n<p>Mientras que la pr\u00f3xima funci\u00f3n que se realizar\u00e1 el mi\u00e9rcoles es \"Awhenaj\", de Alejandro Gallo Berm\u00fadez.<\/p>\n<p>&nbsp;<\/p>\n<p>La programaci\u00f3n continuar\u00e1 con tres relatos breves que abordar\u00e1n contenidos como: la identidad y la cultura narradas con la destacada mirada de sus directores, como Padre de Santiago \u201cBou\u201d Grasso, una proyecci\u00f3n en donde muestra el d\u00eda tras d\u00eda, de la hija de un militar retirado que se dedica a atender a su padre enfermo. La dictadura llega a su fin en Argentina, pero no en la vida de esta mujer.<\/p>\n<p>&nbsp;<\/p>\n<p>El mi\u00e9rcoles 18 de febrero se proyectar\u00e1 el documental \"Argentino Vargas\"\u00a0 de Federico Sosa, un boxeador retirado est\u00e1 dispuesto a todo para volver al ring y conquistar a la mujer que nunca lo quiso corresponder.<\/p>\n<p>&nbsp;<\/p>\n<p>Por \u00faltimo, el 25 de febrero se proyectar\u00e1 \"El Oficio Natural\" de Bel\u00e9n Ortega, que cuenta la historia de un hombre joven que va todos los d\u00edas a realizar un peculiar trabajo en una plaza, hasta que un d\u00eda, se descubre que \u00e9l no est\u00e1 en la lista de las personas asignadas a esa labor.<\/p>\n<p>&nbsp;<\/p>\n<p>Cabe se\u00f1alar, que las proyecciones son totalmente gratuitas y para todo p\u00fablico. Los interesados en asistir deber dirigirse al horario de la funci\u00f3n en las instalaciones de la plaza \"Ricardo Vilca\".<\/p>\n","protected":false},"excerpt":{"rendered":"<p>Esta noche a partir de las 20.30 horas se realizara la segunda jornada del ciclo \u201cLa Vilca Cine\u201d que se desarrollar\u00e1 en las instalaciones de la plaza seca \"Ricardo Vilca\" . &nbsp; Esta iniciativa nace con el prop\u00f3sito de crear un espacio de recreaci\u00f3n y encuentro para toda la comunidad juje\u00f1a, posibilitando el acceso a [&hellip;]<\/p>\n","protected":false},"author":1,"featured_media":15136,"comment_status":"open","ping_status":"open","sticky":false,"template":"","format":"standard","meta":{"_stopmodifiedupdate":false,"_modified_date":"","inline_featured_image":false},"categories":[21],"tags":[],"jetpack_featured_media_url":"https:\/\/notinor.com\/jujuy\/wp-content\/uploads\/2015\/02\/030215-cultura_15938.jpg","_links":{"self":[{"href":"https:\/\/notinor.com\/jujuy\/wp-json\/wp\/v2\/posts\/15135"}],"collection":[{"href":"https:\/\/notinor.com\/jujuy\/wp-json\/wp\/v2\/posts"}],"about":[{"href":"https:\/\/notinor.com\/jujuy\/wp-json\/wp\/v2\/types\/post"}],"author":[{"embeddable":true,"href":"https:\/\/notinor.com\/jujuy\/wp-json\/wp\/v2\/users\/1"}],"replies":[{"embeddable":true,"href":"https:\/\/notinor.com\/jujuy\/wp-json\/wp\/v2\/comments?post=15135"}],"version-history":[{"count":1,"href":"https:\/\/notinor.com\/jujuy\/wp-json\/wp\/v2\/posts\/15135\/revisions"}],"predecessor-version":[{"id":15137,"href":"https:\/\/notinor.com\/jujuy\/wp-json\/wp\/v2\/posts\/15135\/revisions\/15137"}],"wp:featuredmedia":[{"embeddable":true,"href":"https:\/\/notinor.com\/jujuy\/wp-json\/wp\/v2\/media\/15136"}],"wp:attachment":[{"href":"https:\/\/notinor.com\/jujuy\/wp-json\/wp\/v2\/media?parent=15135"}],"wp:term":[{"taxonomy":"category","embeddable":true,"href":"https:\/\/notinor.com\/jujuy\/wp-json\/wp\/v2\/categories?post=15135"},{"taxonomy":"post_tag","embeddable":true,"href":"https:\/\/notinor.com\/jujuy\/wp-json\/wp\/v2\/tags?post=15135"}],"curies":[{"name":"wp","href":"https:\/\/api.w.org\/{rel}","templated":true}]}}