{"id":15129,"date":"2015-02-04T02:15:38","date_gmt":"2015-02-04T05:15:38","guid":{"rendered":"http:\/\/notinor.com\/jujuy\/?p=15129"},"modified":"2015-02-04T02:15:38","modified_gmt":"2015-02-04T05:15:38","slug":"clases-de-tango-y-danzas-urbanas","status":"publish","type":"post","link":"https:\/\/notinor.com\/jujuy\/clases-de-tango-y-danzas-urbanas\/","title":{"rendered":"Clases de tango y danzas urbanas"},"content":{"rendered":"<p>Hoy se dictaran las clases de Tango, mientras que el s\u00e1bado tendr\u00e1n lugar, las clases de Danza Urbanas, Hip Hop.<\/p>\n<p>La invitaci\u00f3n es a participar del \u201cCiclo de Danzas tradicionales de tango y folklore\u201d y \u201cDanza Urbanas\u201d que se est\u00e1n desarrollando\u00a0 en el centro cultural y Museo Macedonio Graz y Plaza Ricardo Vilca.<\/p>\n<p><a href=\"http:\/\/notinor.com\/jujuy\/wp-content\/uploads\/2015\/02\/manana-a-partir-de-las-18-hs-se-dictara-la-clase-de-folklore_15921.jpg\"><img decoding=\"async\" loading=\"lazy\" class=\"alignnone  wp-image-15130\" src=\"http:\/\/notinor.com\/jujuy\/wp-content\/uploads\/2015\/02\/manana-a-partir-de-las-18-hs-se-dictara-la-clase-de-folklore_15921.jpg\" alt=\"manana--a-partir-de-las-18-hs-se-dictara-la-clase-de-folklore_15921\" width=\"543\" height=\"362\" srcset=\"https:\/\/notinor.com\/jujuy\/wp-content\/uploads\/2015\/02\/manana-a-partir-de-las-18-hs-se-dictara-la-clase-de-folklore_15921.jpg 800w, https:\/\/notinor.com\/jujuy\/wp-content\/uploads\/2015\/02\/manana-a-partir-de-las-18-hs-se-dictara-la-clase-de-folklore_15921-300x199.jpg 300w\" sizes=\"(max-width: 543px) 100vw, 543px\" \/><\/a><\/p>\n<p>&nbsp;<\/p>\n<p>Las clases de tango ser\u00e1n a partir de horas 18, a cargo de los destacados\u00a0 docentes Juanita Zurriable, Diego Duran y Paola Calizaya.<\/p>\n<p>&nbsp;<\/p>\n<p>Mientras que este s\u00e1bado se desarrollar\u00e1 una nueva jornada del Ciclo de Danzas Urbanas, de 18 a 20:30 horas, en la Plaza Ricardo Vilca. Dicho curso est\u00e1 a cargo de los profesores\u00a0 Nahuel Jaramillo y Facundo Ra\u00fal Gonz\u00e1lez Rizzo quienes ense\u00f1ar\u00e1n a los j\u00f3venes y adultos que les interese asistir, pasos y coreograf\u00edas de hip hop, rap, break dance y Street dance.<\/p>\n<p>&nbsp;<\/p>\n<p>Los interesados en participar pueden dirigirse al Centro Cultural Macedonio Graz o la Plaza Ricardo Vilca directamente el d\u00eda de clases, ya que no\u00a0 se requiere Inscripci\u00f3n previa. Mientras que para mayor informaci\u00f3n la pueden adquirir en la Secretaria de Cultura ubicada en calle Sarmiento esquina San Mart\u00edn.<\/p>\n<p>&nbsp;<\/p>\n","protected":false},"excerpt":{"rendered":"<p>Hoy se dictaran las clases de Tango, mientras que el s\u00e1bado tendr\u00e1n lugar, las clases de Danza Urbanas, Hip Hop. La invitaci\u00f3n es a participar del \u201cCiclo de Danzas tradicionales de tango y folklore\u201d y \u201cDanza Urbanas\u201d que se est\u00e1n desarrollando\u00a0 en el centro cultural y Museo Macedonio Graz y Plaza Ricardo Vilca. &nbsp; Las [&hellip;]<\/p>\n","protected":false},"author":1,"featured_media":15130,"comment_status":"open","ping_status":"open","sticky":false,"template":"","format":"standard","meta":{"_stopmodifiedupdate":false,"_modified_date":"","inline_featured_image":false},"categories":[21],"tags":[],"jetpack_featured_media_url":"https:\/\/notinor.com\/jujuy\/wp-content\/uploads\/2015\/02\/manana-a-partir-de-las-18-hs-se-dictara-la-clase-de-folklore_15921.jpg","_links":{"self":[{"href":"https:\/\/notinor.com\/jujuy\/wp-json\/wp\/v2\/posts\/15129"}],"collection":[{"href":"https:\/\/notinor.com\/jujuy\/wp-json\/wp\/v2\/posts"}],"about":[{"href":"https:\/\/notinor.com\/jujuy\/wp-json\/wp\/v2\/types\/post"}],"author":[{"embeddable":true,"href":"https:\/\/notinor.com\/jujuy\/wp-json\/wp\/v2\/users\/1"}],"replies":[{"embeddable":true,"href":"https:\/\/notinor.com\/jujuy\/wp-json\/wp\/v2\/comments?post=15129"}],"version-history":[{"count":1,"href":"https:\/\/notinor.com\/jujuy\/wp-json\/wp\/v2\/posts\/15129\/revisions"}],"predecessor-version":[{"id":15131,"href":"https:\/\/notinor.com\/jujuy\/wp-json\/wp\/v2\/posts\/15129\/revisions\/15131"}],"wp:featuredmedia":[{"embeddable":true,"href":"https:\/\/notinor.com\/jujuy\/wp-json\/wp\/v2\/media\/15130"}],"wp:attachment":[{"href":"https:\/\/notinor.com\/jujuy\/wp-json\/wp\/v2\/media?parent=15129"}],"wp:term":[{"taxonomy":"category","embeddable":true,"href":"https:\/\/notinor.com\/jujuy\/wp-json\/wp\/v2\/categories?post=15129"},{"taxonomy":"post_tag","embeddable":true,"href":"https:\/\/notinor.com\/jujuy\/wp-json\/wp\/v2\/tags?post=15129"}],"curies":[{"name":"wp","href":"https:\/\/api.w.org\/{rel}","templated":true}]}}